{"id":4689,"date":"2021-05-28T09:19:42","date_gmt":"2021-05-28T09:19:42","guid":{"rendered":"https:\/\/cscestran.fr\/?p=4689"},"modified":"2021-06-11T15:46:19","modified_gmt":"2021-06-11T15:46:19","slug":"venez-rencontrer-valentine-lors-des-cafes-parents","status":"publish","type":"post","link":"https:\/\/cscestran.fr\/?p=4689","title":{"rendered":"Space parents"},"content":{"rendered":"\n<h2 class=\"has-text-align-center has-colibri-color-5-color has-text-color has-background wp-block-heading\" style=\"background-color:#285e93;font-size:30px\"><strong>\u00ab\u00a0Space Parents\u00a0\u00bb Un lieu d&rsquo;\u00e9change pour les parents<\/strong><\/h2>\n\n\n\n<div class=\"wp-block-media-text alignwide is-stacked-on-mobile\"><figure class=\"wp-block-media-text__media\"><img loading=\"lazy\" decoding=\"async\" width=\"1024\" height=\"683\" src=\"https:\/\/cscestran.fr\/wp-content\/uploads\/2021\/06\/meeting-1245776_1920-1024x683.jpg\" alt=\"\" class=\"wp-image-5351 size-full\" srcset=\"https:\/\/cscestran.fr\/wp-content\/uploads\/2021\/06\/meeting-1245776_1920-1024x683.jpg 1024w, https:\/\/cscestran.fr\/wp-content\/uploads\/2021\/06\/meeting-1245776_1920-300x200.jpg 300w, https:\/\/cscestran.fr\/wp-content\/uploads\/2021\/06\/meeting-1245776_1920-768x512.jpg 768w, https:\/\/cscestran.fr\/wp-content\/uploads\/2021\/06\/meeting-1245776_1920-1536x1024.jpg 1536w, https:\/\/cscestran.fr\/wp-content\/uploads\/2021\/06\/meeting-1245776_1920.jpg 1920w\" sizes=\"auto, (max-width: 1024px) 100vw, 1024px\" \/><\/figure><div class=\"wp-block-media-text__content\">\n<p class=\"has-text-align-left has-colibri-color-1-color has-text-color\" style=\"font-size:17px\">Le caf\u00e9 des parents est un temps convivial o\u00f9 les parents peuvent discuter autour d&rsquo;un caf\u00e9, de leurs exp\u00e9riences, pr\u00e9occupations, questionnements &#8230;<\/p>\n\n\n\n<p class=\"has-colibri-color-1-color has-text-color\" style=\"font-size:17px\">C&rsquo;est aussi un lieu o\u00f9 on peut \u00e9changer des id\u00e9es s&rsquo;apporter mutuellement, \u00eatre \u00e9cout\u00e9, rassur\u00e9. La r\u00e9f\u00e9rente famille est pr\u00e9sente lors de ce temps, et peut \u00eatre accompagn\u00e9 d&rsquo;un professionnel selon la th\u00e9matique de la s\u00e9ance. <\/p>\n<\/div><\/div>\n\n\n\n<p><\/p>\n","protected":false},"excerpt":{"rendered":"<p>\u00ab\u00a0Space Parents\u00a0\u00bb Un lieu d&rsquo;\u00e9change pour les parents Le caf\u00e9 des parents est un temps convivial o\u00f9 les parents peuvent discuter autour d&rsquo;un caf\u00e9, de leurs exp\u00e9riences, pr\u00e9occupations, questionnements &#8230; C&rsquo;est aussi un lieu o\u00f9 on peut \u00e9changer des id\u00e9es s&rsquo;apporter mutuellement, \u00eatre \u00e9cout\u00e9, rassur\u00e9. La r\u00e9f\u00e9rente famille est pr\u00e9sente lors de ce temps, et [&hellip;]<\/p>\n","protected":false},"author":1,"featured_media":5351,"comment_status":"open","ping_status":"open","sticky":false,"template":"","format":"standard","meta":{"_jetpack_memberships_contains_paid_content":false,"footnotes":"","jetpack_publicize_message":"","jetpack_publicize_feature_enabled":true,"jetpack_social_post_already_shared":false,"jetpack_social_options":{"image_generator_settings":{"template":"highway","default_image_id":0,"font":"","enabled":false},"version":2}},"categories":[7],"tags":[9,8,10,11],"class_list":["post-4689","post","type-post","status-publish","format-standard","has-post-thumbnail","hentry","category-adultes-familles","tag-echange","tag-parents","tag-partage","tag-questionnements"],"yoast_head":"<!-- This site is optimized with the Yoast SEO plugin v24.9 - https:\/\/yoast.com\/wordpress\/plugins\/seo\/ -->\n<title>Space parents - Centre Socio-Culturel Coeur de Ville<\/title>\n<meta name=\"robots\" content=\"index, follow, max-snippet:-1, max-image-preview:large, max-video-preview:-1\" \/>\n<link rel=\"canonical\" href=\"https:\/\/cscestran.fr\/?p=4689\" \/>\n<meta property=\"og:locale\" content=\"fr_FR\" \/>\n<meta property=\"og:type\" content=\"article\" \/>\n<meta property=\"og:title\" content=\"Space parents - Centre Socio-Culturel Coeur de Ville\" \/>\n<meta property=\"og:description\" content=\"\u00ab\u00a0Space Parents\u00a0\u00bb Un lieu d&rsquo;\u00e9change pour les parents Le caf\u00e9 des parents est un temps convivial o\u00f9 les parents peuvent discuter autour d&rsquo;un caf\u00e9, de leurs exp\u00e9riences, pr\u00e9occupations, questionnements &#8230; C&rsquo;est aussi un lieu o\u00f9 on peut \u00e9changer des id\u00e9es s&rsquo;apporter mutuellement, \u00eatre \u00e9cout\u00e9, rassur\u00e9. La r\u00e9f\u00e9rente famille est pr\u00e9sente lors de ce temps, et [&hellip;]\" \/>\n<meta property=\"og:url\" content=\"https:\/\/cscestran.fr\/?p=4689\" \/>\n<meta property=\"og:site_name\" content=\"Centre Socio-Culturel Coeur de Ville\" \/>\n<meta property=\"article:published_time\" content=\"2021-05-28T09:19:42+00:00\" \/>\n<meta property=\"article:modified_time\" content=\"2021-06-11T15:46:19+00:00\" \/>\n<meta property=\"og:image\" content=\"https:\/\/cscestran.fr\/wp-content\/uploads\/2021\/06\/meeting-1245776_1920.jpg\" \/>\n\t<meta property=\"og:image:width\" content=\"1920\" \/>\n\t<meta property=\"og:image:height\" content=\"1280\" \/>\n\t<meta property=\"og:image:type\" content=\"image\/jpeg\" \/>\n<meta name=\"author\" content=\"admin\" \/>\n<meta name=\"twitter:card\" content=\"summary_large_image\" \/>\n<meta name=\"twitter:label1\" content=\"\u00c9crit par\" \/>\n\t<meta name=\"twitter:data1\" content=\"admin\" \/>\n\t<meta name=\"twitter:label2\" content=\"Dur\u00e9e de lecture estim\u00e9e\" \/>\n\t<meta name=\"twitter:data2\" content=\"1 minute\" \/>\n<script type=\"application\/ld+json\" class=\"yoast-schema-graph\">{\"@context\":\"https:\/\/schema.org\",\"@graph\":[{\"@type\":\"Article\",\"@id\":\"https:\/\/cscestran.fr\/?p=4689#article\",\"isPartOf\":{\"@id\":\"https:\/\/cscestran.fr\/?p=4689\"},\"author\":{\"name\":\"admin\",\"@id\":\"https:\/\/cscestran.fr\/#\/schema\/person\/ffe9679d455144a2a947b0cacb08b52a\"},\"headline\":\"Space parents\",\"datePublished\":\"2021-05-28T09:19:42+00:00\",\"dateModified\":\"2021-06-11T15:46:19+00:00\",\"mainEntityOfPage\":{\"@id\":\"https:\/\/cscestran.fr\/?p=4689\"},\"wordCount\":76,\"commentCount\":0,\"publisher\":{\"@id\":\"https:\/\/cscestran.fr\/#organization\"},\"image\":{\"@id\":\"https:\/\/cscestran.fr\/?p=4689#primaryimage\"},\"thumbnailUrl\":\"https:\/\/cscestran.fr\/wp-content\/uploads\/2021\/06\/meeting-1245776_1920.jpg\",\"keywords\":[\"\u00e9change\",\"parents\",\"partage\",\"questionnements\"],\"articleSection\":[\"Adultes \/ Familles\"],\"inLanguage\":\"fr-FR\",\"potentialAction\":[{\"@type\":\"CommentAction\",\"name\":\"Comment\",\"target\":[\"https:\/\/cscestran.fr\/?p=4689#respond\"]}]},{\"@type\":\"WebPage\",\"@id\":\"https:\/\/cscestran.fr\/?p=4689\",\"url\":\"https:\/\/cscestran.fr\/?p=4689\",\"name\":\"Space parents - Centre Socio-Culturel Coeur de Ville\",\"isPartOf\":{\"@id\":\"https:\/\/cscestran.fr\/#website\"},\"primaryImageOfPage\":{\"@id\":\"https:\/\/cscestran.fr\/?p=4689#primaryimage\"},\"image\":{\"@id\":\"https:\/\/cscestran.fr\/?p=4689#primaryimage\"},\"thumbnailUrl\":\"https:\/\/cscestran.fr\/wp-content\/uploads\/2021\/06\/meeting-1245776_1920.jpg\",\"datePublished\":\"2021-05-28T09:19:42+00:00\",\"dateModified\":\"2021-06-11T15:46:19+00:00\",\"breadcrumb\":{\"@id\":\"https:\/\/cscestran.fr\/?p=4689#breadcrumb\"},\"inLanguage\":\"fr-FR\",\"potentialAction\":[{\"@type\":\"ReadAction\",\"target\":[\"https:\/\/cscestran.fr\/?p=4689\"]}]},{\"@type\":\"ImageObject\",\"inLanguage\":\"fr-FR\",\"@id\":\"https:\/\/cscestran.fr\/?p=4689#primaryimage\",\"url\":\"https:\/\/cscestran.fr\/wp-content\/uploads\/2021\/06\/meeting-1245776_1920.jpg\",\"contentUrl\":\"https:\/\/cscestran.fr\/wp-content\/uploads\/2021\/06\/meeting-1245776_1920.jpg\",\"width\":1920,\"height\":1280},{\"@type\":\"BreadcrumbList\",\"@id\":\"https:\/\/cscestran.fr\/?p=4689#breadcrumb\",\"itemListElement\":[{\"@type\":\"ListItem\",\"position\":1,\"name\":\"Accueil\",\"item\":\"https:\/\/cscestran.fr\/\"},{\"@type\":\"ListItem\",\"position\":2,\"name\":\"Space parents\"}]},{\"@type\":\"WebSite\",\"@id\":\"https:\/\/cscestran.fr\/#website\",\"url\":\"https:\/\/cscestran.fr\/\",\"name\":\"Centre Socio-Culturel Coeur de Ville\",\"description\":\"\",\"publisher\":{\"@id\":\"https:\/\/cscestran.fr\/#organization\"},\"potentialAction\":[{\"@type\":\"SearchAction\",\"target\":{\"@type\":\"EntryPoint\",\"urlTemplate\":\"https:\/\/cscestran.fr\/?s={search_term_string}\"},\"query-input\":{\"@type\":\"PropertyValueSpecification\",\"valueRequired\":true,\"valueName\":\"search_term_string\"}}],\"inLanguage\":\"fr-FR\"},{\"@type\":\"Organization\",\"@id\":\"https:\/\/cscestran.fr\/#organization\",\"name\":\"Centre Socio-Culturel Coeur de Ville\",\"url\":\"https:\/\/cscestran.fr\/\",\"logo\":{\"@type\":\"ImageObject\",\"inLanguage\":\"fr-FR\",\"@id\":\"https:\/\/cscestran.fr\/#\/schema\/logo\/image\/\",\"url\":\"https:\/\/cscestran.fr\/wp-content\/uploads\/2024\/07\/cropped-logo.png\",\"contentUrl\":\"https:\/\/cscestran.fr\/wp-content\/uploads\/2024\/07\/cropped-logo.png\",\"width\":167,\"height\":167,\"caption\":\"Centre Socio-Culturel Coeur de Ville\"},\"image\":{\"@id\":\"https:\/\/cscestran.fr\/#\/schema\/logo\/image\/\"}},{\"@type\":\"Person\",\"@id\":\"https:\/\/cscestran.fr\/#\/schema\/person\/ffe9679d455144a2a947b0cacb08b52a\",\"name\":\"admin\",\"image\":{\"@type\":\"ImageObject\",\"inLanguage\":\"fr-FR\",\"@id\":\"https:\/\/cscestran.fr\/#\/schema\/person\/image\/\",\"url\":\"https:\/\/secure.gravatar.com\/avatar\/259e9308f79c7fb2cbcafae2c3b6b219f2563d7edf5313eadfd4f525281ed951?s=96&d=mm&r=g\",\"contentUrl\":\"https:\/\/secure.gravatar.com\/avatar\/259e9308f79c7fb2cbcafae2c3b6b219f2563d7edf5313eadfd4f525281ed951?s=96&d=mm&r=g\",\"caption\":\"admin\"},\"sameAs\":[\"https:\/\/cscestran.fr\"],\"url\":\"https:\/\/cscestran.fr\/?author=1\"}]}<\/script>\n<!-- \/ Yoast SEO plugin. -->","yoast_head_json":{"title":"Space parents - Centre Socio-Culturel Coeur de Ville","robots":{"index":"index","follow":"follow","max-snippet":"max-snippet:-1","max-image-preview":"max-image-preview:large","max-video-preview":"max-video-preview:-1"},"canonical":"https:\/\/cscestran.fr\/?p=4689","og_locale":"fr_FR","og_type":"article","og_title":"Space parents - Centre Socio-Culturel Coeur de Ville","og_description":"\u00ab\u00a0Space Parents\u00a0\u00bb Un lieu d&rsquo;\u00e9change pour les parents Le caf\u00e9 des parents est un temps convivial o\u00f9 les parents peuvent discuter autour d&rsquo;un caf\u00e9, de leurs exp\u00e9riences, pr\u00e9occupations, questionnements &#8230; C&rsquo;est aussi un lieu o\u00f9 on peut \u00e9changer des id\u00e9es s&rsquo;apporter mutuellement, \u00eatre \u00e9cout\u00e9, rassur\u00e9. La r\u00e9f\u00e9rente famille est pr\u00e9sente lors de ce temps, et [&hellip;]","og_url":"https:\/\/cscestran.fr\/?p=4689","og_site_name":"Centre Socio-Culturel Coeur de Ville","article_published_time":"2021-05-28T09:19:42+00:00","article_modified_time":"2021-06-11T15:46:19+00:00","og_image":[{"width":1920,"height":1280,"url":"https:\/\/cscestran.fr\/wp-content\/uploads\/2021\/06\/meeting-1245776_1920.jpg","type":"image\/jpeg"}],"author":"admin","twitter_card":"summary_large_image","twitter_misc":{"\u00c9crit par":"admin","Dur\u00e9e de lecture estim\u00e9e":"1 minute"},"schema":{"@context":"https:\/\/schema.org","@graph":[{"@type":"Article","@id":"https:\/\/cscestran.fr\/?p=4689#article","isPartOf":{"@id":"https:\/\/cscestran.fr\/?p=4689"},"author":{"name":"admin","@id":"https:\/\/cscestran.fr\/#\/schema\/person\/ffe9679d455144a2a947b0cacb08b52a"},"headline":"Space parents","datePublished":"2021-05-28T09:19:42+00:00","dateModified":"2021-06-11T15:46:19+00:00","mainEntityOfPage":{"@id":"https:\/\/cscestran.fr\/?p=4689"},"wordCount":76,"commentCount":0,"publisher":{"@id":"https:\/\/cscestran.fr\/#organization"},"image":{"@id":"https:\/\/cscestran.fr\/?p=4689#primaryimage"},"thumbnailUrl":"https:\/\/cscestran.fr\/wp-content\/uploads\/2021\/06\/meeting-1245776_1920.jpg","keywords":["\u00e9change","parents","partage","questionnements"],"articleSection":["Adultes \/ Familles"],"inLanguage":"fr-FR","potentialAction":[{"@type":"CommentAction","name":"Comment","target":["https:\/\/cscestran.fr\/?p=4689#respond"]}]},{"@type":"WebPage","@id":"https:\/\/cscestran.fr\/?p=4689","url":"https:\/\/cscestran.fr\/?p=4689","name":"Space parents - Centre Socio-Culturel Coeur de Ville","isPartOf":{"@id":"https:\/\/cscestran.fr\/#website"},"primaryImageOfPage":{"@id":"https:\/\/cscestran.fr\/?p=4689#primaryimage"},"image":{"@id":"https:\/\/cscestran.fr\/?p=4689#primaryimage"},"thumbnailUrl":"https:\/\/cscestran.fr\/wp-content\/uploads\/2021\/06\/meeting-1245776_1920.jpg","datePublished":"2021-05-28T09:19:42+00:00","dateModified":"2021-06-11T15:46:19+00:00","breadcrumb":{"@id":"https:\/\/cscestran.fr\/?p=4689#breadcrumb"},"inLanguage":"fr-FR","potentialAction":[{"@type":"ReadAction","target":["https:\/\/cscestran.fr\/?p=4689"]}]},{"@type":"ImageObject","inLanguage":"fr-FR","@id":"https:\/\/cscestran.fr\/?p=4689#primaryimage","url":"https:\/\/cscestran.fr\/wp-content\/uploads\/2021\/06\/meeting-1245776_1920.jpg","contentUrl":"https:\/\/cscestran.fr\/wp-content\/uploads\/2021\/06\/meeting-1245776_1920.jpg","width":1920,"height":1280},{"@type":"BreadcrumbList","@id":"https:\/\/cscestran.fr\/?p=4689#breadcrumb","itemListElement":[{"@type":"ListItem","position":1,"name":"Accueil","item":"https:\/\/cscestran.fr\/"},{"@type":"ListItem","position":2,"name":"Space parents"}]},{"@type":"WebSite","@id":"https:\/\/cscestran.fr\/#website","url":"https:\/\/cscestran.fr\/","name":"Centre Socio-Culturel Coeur de Ville","description":"","publisher":{"@id":"https:\/\/cscestran.fr\/#organization"},"potentialAction":[{"@type":"SearchAction","target":{"@type":"EntryPoint","urlTemplate":"https:\/\/cscestran.fr\/?s={search_term_string}"},"query-input":{"@type":"PropertyValueSpecification","valueRequired":true,"valueName":"search_term_string"}}],"inLanguage":"fr-FR"},{"@type":"Organization","@id":"https:\/\/cscestran.fr\/#organization","name":"Centre Socio-Culturel Coeur de Ville","url":"https:\/\/cscestran.fr\/","logo":{"@type":"ImageObject","inLanguage":"fr-FR","@id":"https:\/\/cscestran.fr\/#\/schema\/logo\/image\/","url":"https:\/\/cscestran.fr\/wp-content\/uploads\/2024\/07\/cropped-logo.png","contentUrl":"https:\/\/cscestran.fr\/wp-content\/uploads\/2024\/07\/cropped-logo.png","width":167,"height":167,"caption":"Centre Socio-Culturel Coeur de Ville"},"image":{"@id":"https:\/\/cscestran.fr\/#\/schema\/logo\/image\/"}},{"@type":"Person","@id":"https:\/\/cscestran.fr\/#\/schema\/person\/ffe9679d455144a2a947b0cacb08b52a","name":"admin","image":{"@type":"ImageObject","inLanguage":"fr-FR","@id":"https:\/\/cscestran.fr\/#\/schema\/person\/image\/","url":"https:\/\/secure.gravatar.com\/avatar\/259e9308f79c7fb2cbcafae2c3b6b219f2563d7edf5313eadfd4f525281ed951?s=96&d=mm&r=g","contentUrl":"https:\/\/secure.gravatar.com\/avatar\/259e9308f79c7fb2cbcafae2c3b6b219f2563d7edf5313eadfd4f525281ed951?s=96&d=mm&r=g","caption":"admin"},"sameAs":["https:\/\/cscestran.fr"],"url":"https:\/\/cscestran.fr\/?author=1"}]}},"jetpack_publicize_connections":[],"jetpack_featured_media_url":"https:\/\/cscestran.fr\/wp-content\/uploads\/2021\/06\/meeting-1245776_1920.jpg","jetpack_likes_enabled":true,"jetpack_sharing_enabled":true,"_links":{"self":[{"href":"https:\/\/cscestran.fr\/index.php?rest_route=\/wp\/v2\/posts\/4689","targetHints":{"allow":["GET"]}}],"collection":[{"href":"https:\/\/cscestran.fr\/index.php?rest_route=\/wp\/v2\/posts"}],"about":[{"href":"https:\/\/cscestran.fr\/index.php?rest_route=\/wp\/v2\/types\/post"}],"author":[{"embeddable":true,"href":"https:\/\/cscestran.fr\/index.php?rest_route=\/wp\/v2\/users\/1"}],"replies":[{"embeddable":true,"href":"https:\/\/cscestran.fr\/index.php?rest_route=%2Fwp%2Fv2%2Fcomments&post=4689"}],"version-history":[{"count":6,"href":"https:\/\/cscestran.fr\/index.php?rest_route=\/wp\/v2\/posts\/4689\/revisions"}],"predecessor-version":[{"id":5353,"href":"https:\/\/cscestran.fr\/index.php?rest_route=\/wp\/v2\/posts\/4689\/revisions\/5353"}],"wp:featuredmedia":[{"embeddable":true,"href":"https:\/\/cscestran.fr\/index.php?rest_route=\/wp\/v2\/media\/5351"}],"wp:attachment":[{"href":"https:\/\/cscestran.fr\/index.php?rest_route=%2Fwp%2Fv2%2Fmedia&parent=4689"}],"wp:term":[{"taxonomy":"category","embeddable":true,"href":"https:\/\/cscestran.fr\/index.php?rest_route=%2Fwp%2Fv2%2Fcategories&post=4689"},{"taxonomy":"post_tag","embeddable":true,"href":"https:\/\/cscestran.fr\/index.php?rest_route=%2Fwp%2Fv2%2Ftags&post=4689"}],"curies":[{"name":"wp","href":"https:\/\/api.w.org\/{rel}","templated":true}]}}