{"id":5635,"date":"2021-06-22T12:24:33","date_gmt":"2021-06-22T12:24:33","guid":{"rendered":"http:\/\/cscestran.fr\/?p=5635"},"modified":"2021-06-30T13:44:44","modified_gmt":"2021-06-30T13:44:44","slug":"estiforme","status":"publish","type":"post","link":"https:\/\/cscestran.fr\/?p=5635","title":{"rendered":"Esti&rsquo;Forme"},"content":{"rendered":"\n<h1 class=\"has-text-color has-background wp-block-heading\" style=\"background-color:#285e93;color:#ffffff;font-size:33px\">Esti&rsquo;Forme<\/h1>\n\n\n\n<p><\/p>\n\n\n\n<div class=\"wp-block-media-text alignwide is-stacked-on-mobile is-vertically-aligned-center\" style=\"grid-template-columns:51% auto\"><figure class=\"wp-block-media-text__media\"><img loading=\"lazy\" decoding=\"async\" width=\"960\" height=\"720\" src=\"https:\/\/cscestran.fr\/wp-content\/uploads\/2021\/06\/estiform.jpg\" alt=\"\" class=\"wp-image-5636 size-full\" srcset=\"https:\/\/cscestran.fr\/wp-content\/uploads\/2021\/06\/estiform.jpg 960w, https:\/\/cscestran.fr\/wp-content\/uploads\/2021\/06\/estiform-300x225.jpg 300w, https:\/\/cscestran.fr\/wp-content\/uploads\/2021\/06\/estiform-768x576.jpg 768w\" sizes=\"auto, (max-width: 960px) 100vw, 960px\" \/><\/figure><div class=\"wp-block-media-text__content\">\n<p class=\"has-text-color\" style=\"color:#285e93;font-size:17px\">Comme l&rsquo;\u00c9t\u00e9 dernier, un panel d&rsquo;activit\u00e9s physiques, qui vous sont propos\u00e9es par le Centre Socio Culturel l&rsquo;Estran durant cette saison estivale qui approche ! Au Programme : Marche Nordique, Remise en Forme, Zumba etc&#8230;Et tout cela gratuitement du 12 Juillet au 27 Ao\u00fbt, du Lundi au Vendredi <\/p>\n\n\n\n<p class=\"has-text-color\" style=\"color:#285e93;font-size:17px\">Alors \u00e7a vous tente ?<\/p>\n\n\n\n<p class=\"has-text-color\" style=\"color:#285e93;font-size:17px\">Comment faire pour y participer ? <\/p>\n\n\n\n<p class=\"has-text-color\" style=\"color:#285e93;font-size:17px\">S&rsquo;inscrire au pr\u00e9alable au Centre Socio Culturel ou au 03.28.24.51.91 et y venir avec le sourire !<\/p>\n\n\n\n<div class=\"wp-block-buttons is-layout-flex wp-block-buttons-is-layout-flex\">\n<div class=\"wp-block-button is-style-fill\"><a class=\"wp-block-button__link\" href=\"https:\/\/www.facebook.com\/cscestran\/photos\/a.951081138358136\/2217658091700428\/\" target=\"_blank\" rel=\"noreferrer noopener\">Programme Esti&rsquo;Forme<\/a><\/div>\n<\/div>\n<\/div><\/div>\n\n\n\n<p><\/p>\n","protected":false},"excerpt":{"rendered":"<p>Ainsi vous souhaitez vous remettre en forme ? Cet \u00e9t\u00e9 Esti&rsquo;forme reprend et c&rsquo;est du 12 juillet au 27 ao\u00fbt.<\/p>\n","protected":false},"author":1,"featured_media":5636,"comment_status":"open","ping_status":"open","sticky":false,"template":"","format":"standard","meta":{"_jetpack_memberships_contains_paid_content":false,"footnotes":"","jetpack_publicize_message":"","jetpack_publicize_feature_enabled":true,"jetpack_social_post_already_shared":false,"jetpack_social_options":{"image_generator_settings":{"template":"highway","default_image_id":0,"font":"","enabled":false},"version":2}},"categories":[7],"tags":[27,28,26],"class_list":["post-5635","post","type-post","status-publish","format-standard","has-post-thumbnail","hentry","category-adultes-familles","tag-adulte","tag-exterieur","tag-sport"],"yoast_head":"<!-- This site is optimized with the Yoast SEO plugin v24.9 - https:\/\/yoast.com\/wordpress\/plugins\/seo\/ -->\n<title>Esti&#039;Forme - Centre Socio-Culturel Coeur de Ville<\/title>\n<meta name=\"robots\" content=\"index, follow, max-snippet:-1, max-image-preview:large, max-video-preview:-1\" \/>\n<link rel=\"canonical\" href=\"https:\/\/cscestran.fr\/?p=5635\" \/>\n<meta property=\"og:locale\" content=\"fr_FR\" \/>\n<meta property=\"og:type\" content=\"article\" \/>\n<meta property=\"og:title\" content=\"Esti&#039;Forme - Centre Socio-Culturel Coeur de Ville\" \/>\n<meta property=\"og:description\" content=\"Ainsi vous souhaitez vous remettre en forme ? Cet \u00e9t\u00e9 Esti&#039;forme reprend et c&#039;est du 12 juillet au 27 ao\u00fbt.\" \/>\n<meta property=\"og:url\" content=\"https:\/\/cscestran.fr\/?p=5635\" \/>\n<meta property=\"og:site_name\" content=\"Centre Socio-Culturel Coeur de Ville\" \/>\n<meta property=\"article:published_time\" content=\"2021-06-22T12:24:33+00:00\" \/>\n<meta property=\"article:modified_time\" content=\"2021-06-30T13:44:44+00:00\" \/>\n<meta property=\"og:image\" content=\"https:\/\/cscestran.fr\/wp-content\/uploads\/2021\/06\/estiform.jpg\" \/>\n\t<meta property=\"og:image:width\" content=\"960\" \/>\n\t<meta property=\"og:image:height\" content=\"720\" \/>\n\t<meta property=\"og:image:type\" content=\"image\/jpeg\" \/>\n<meta name=\"author\" content=\"admin\" \/>\n<meta name=\"twitter:card\" content=\"summary_large_image\" \/>\n<meta name=\"twitter:label1\" content=\"\u00c9crit par\" \/>\n\t<meta name=\"twitter:data1\" content=\"admin\" \/>\n\t<meta name=\"twitter:label2\" content=\"Dur\u00e9e de lecture estim\u00e9e\" \/>\n\t<meta name=\"twitter:data2\" content=\"1 minute\" \/>\n<script type=\"application\/ld+json\" class=\"yoast-schema-graph\">{\"@context\":\"https:\/\/schema.org\",\"@graph\":[{\"@type\":\"Article\",\"@id\":\"https:\/\/cscestran.fr\/?p=5635#article\",\"isPartOf\":{\"@id\":\"https:\/\/cscestran.fr\/?p=5635\"},\"author\":{\"name\":\"admin\",\"@id\":\"https:\/\/cscestran.fr\/#\/schema\/person\/ffe9679d455144a2a947b0cacb08b52a\"},\"headline\":\"Esti&rsquo;Forme\",\"datePublished\":\"2021-06-22T12:24:33+00:00\",\"dateModified\":\"2021-06-30T13:44:44+00:00\",\"mainEntityOfPage\":{\"@id\":\"https:\/\/cscestran.fr\/?p=5635\"},\"wordCount\":77,\"commentCount\":0,\"publisher\":{\"@id\":\"https:\/\/cscestran.fr\/#organization\"},\"image\":{\"@id\":\"https:\/\/cscestran.fr\/?p=5635#primaryimage\"},\"thumbnailUrl\":\"https:\/\/cscestran.fr\/wp-content\/uploads\/2021\/06\/estiform.jpg\",\"keywords\":[\"Adulte\",\"Ext\u00e9rieur\",\"Sport\"],\"articleSection\":[\"Adultes \/ Familles\"],\"inLanguage\":\"fr-FR\",\"potentialAction\":[{\"@type\":\"CommentAction\",\"name\":\"Comment\",\"target\":[\"https:\/\/cscestran.fr\/?p=5635#respond\"]}]},{\"@type\":\"WebPage\",\"@id\":\"https:\/\/cscestran.fr\/?p=5635\",\"url\":\"https:\/\/cscestran.fr\/?p=5635\",\"name\":\"Esti'Forme - Centre Socio-Culturel Coeur de Ville\",\"isPartOf\":{\"@id\":\"https:\/\/cscestran.fr\/#website\"},\"primaryImageOfPage\":{\"@id\":\"https:\/\/cscestran.fr\/?p=5635#primaryimage\"},\"image\":{\"@id\":\"https:\/\/cscestran.fr\/?p=5635#primaryimage\"},\"thumbnailUrl\":\"https:\/\/cscestran.fr\/wp-content\/uploads\/2021\/06\/estiform.jpg\",\"datePublished\":\"2021-06-22T12:24:33+00:00\",\"dateModified\":\"2021-06-30T13:44:44+00:00\",\"breadcrumb\":{\"@id\":\"https:\/\/cscestran.fr\/?p=5635#breadcrumb\"},\"inLanguage\":\"fr-FR\",\"potentialAction\":[{\"@type\":\"ReadAction\",\"target\":[\"https:\/\/cscestran.fr\/?p=5635\"]}]},{\"@type\":\"ImageObject\",\"inLanguage\":\"fr-FR\",\"@id\":\"https:\/\/cscestran.fr\/?p=5635#primaryimage\",\"url\":\"https:\/\/cscestran.fr\/wp-content\/uploads\/2021\/06\/estiform.jpg\",\"contentUrl\":\"https:\/\/cscestran.fr\/wp-content\/uploads\/2021\/06\/estiform.jpg\",\"width\":960,\"height\":720},{\"@type\":\"BreadcrumbList\",\"@id\":\"https:\/\/cscestran.fr\/?p=5635#breadcrumb\",\"itemListElement\":[{\"@type\":\"ListItem\",\"position\":1,\"name\":\"Accueil\",\"item\":\"https:\/\/cscestran.fr\/\"},{\"@type\":\"ListItem\",\"position\":2,\"name\":\"Esti&rsquo;Forme\"}]},{\"@type\":\"WebSite\",\"@id\":\"https:\/\/cscestran.fr\/#website\",\"url\":\"https:\/\/cscestran.fr\/\",\"name\":\"Centre Socio-Culturel Coeur de Ville\",\"description\":\"\",\"publisher\":{\"@id\":\"https:\/\/cscestran.fr\/#organization\"},\"potentialAction\":[{\"@type\":\"SearchAction\",\"target\":{\"@type\":\"EntryPoint\",\"urlTemplate\":\"https:\/\/cscestran.fr\/?s={search_term_string}\"},\"query-input\":{\"@type\":\"PropertyValueSpecification\",\"valueRequired\":true,\"valueName\":\"search_term_string\"}}],\"inLanguage\":\"fr-FR\"},{\"@type\":\"Organization\",\"@id\":\"https:\/\/cscestran.fr\/#organization\",\"name\":\"Centre Socio-Culturel Coeur de Ville\",\"url\":\"https:\/\/cscestran.fr\/\",\"logo\":{\"@type\":\"ImageObject\",\"inLanguage\":\"fr-FR\",\"@id\":\"https:\/\/cscestran.fr\/#\/schema\/logo\/image\/\",\"url\":\"https:\/\/cscestran.fr\/wp-content\/uploads\/2024\/07\/cropped-logo.png\",\"contentUrl\":\"https:\/\/cscestran.fr\/wp-content\/uploads\/2024\/07\/cropped-logo.png\",\"width\":167,\"height\":167,\"caption\":\"Centre Socio-Culturel Coeur de Ville\"},\"image\":{\"@id\":\"https:\/\/cscestran.fr\/#\/schema\/logo\/image\/\"}},{\"@type\":\"Person\",\"@id\":\"https:\/\/cscestran.fr\/#\/schema\/person\/ffe9679d455144a2a947b0cacb08b52a\",\"name\":\"admin\",\"image\":{\"@type\":\"ImageObject\",\"inLanguage\":\"fr-FR\",\"@id\":\"https:\/\/cscestran.fr\/#\/schema\/person\/image\/\",\"url\":\"https:\/\/secure.gravatar.com\/avatar\/259e9308f79c7fb2cbcafae2c3b6b219f2563d7edf5313eadfd4f525281ed951?s=96&d=mm&r=g\",\"contentUrl\":\"https:\/\/secure.gravatar.com\/avatar\/259e9308f79c7fb2cbcafae2c3b6b219f2563d7edf5313eadfd4f525281ed951?s=96&d=mm&r=g\",\"caption\":\"admin\"},\"sameAs\":[\"https:\/\/cscestran.fr\"],\"url\":\"https:\/\/cscestran.fr\/?author=1\"}]}<\/script>\n<!-- \/ Yoast SEO plugin. -->","yoast_head_json":{"title":"Esti'Forme - Centre Socio-Culturel Coeur de Ville","robots":{"index":"index","follow":"follow","max-snippet":"max-snippet:-1","max-image-preview":"max-image-preview:large","max-video-preview":"max-video-preview:-1"},"canonical":"https:\/\/cscestran.fr\/?p=5635","og_locale":"fr_FR","og_type":"article","og_title":"Esti'Forme - Centre Socio-Culturel Coeur de Ville","og_description":"Ainsi vous souhaitez vous remettre en forme ? Cet \u00e9t\u00e9 Esti'forme reprend et c'est du 12 juillet au 27 ao\u00fbt.","og_url":"https:\/\/cscestran.fr\/?p=5635","og_site_name":"Centre Socio-Culturel Coeur de Ville","article_published_time":"2021-06-22T12:24:33+00:00","article_modified_time":"2021-06-30T13:44:44+00:00","og_image":[{"width":960,"height":720,"url":"https:\/\/cscestran.fr\/wp-content\/uploads\/2021\/06\/estiform.jpg","type":"image\/jpeg"}],"author":"admin","twitter_card":"summary_large_image","twitter_misc":{"\u00c9crit par":"admin","Dur\u00e9e de lecture estim\u00e9e":"1 minute"},"schema":{"@context":"https:\/\/schema.org","@graph":[{"@type":"Article","@id":"https:\/\/cscestran.fr\/?p=5635#article","isPartOf":{"@id":"https:\/\/cscestran.fr\/?p=5635"},"author":{"name":"admin","@id":"https:\/\/cscestran.fr\/#\/schema\/person\/ffe9679d455144a2a947b0cacb08b52a"},"headline":"Esti&rsquo;Forme","datePublished":"2021-06-22T12:24:33+00:00","dateModified":"2021-06-30T13:44:44+00:00","mainEntityOfPage":{"@id":"https:\/\/cscestran.fr\/?p=5635"},"wordCount":77,"commentCount":0,"publisher":{"@id":"https:\/\/cscestran.fr\/#organization"},"image":{"@id":"https:\/\/cscestran.fr\/?p=5635#primaryimage"},"thumbnailUrl":"https:\/\/cscestran.fr\/wp-content\/uploads\/2021\/06\/estiform.jpg","keywords":["Adulte","Ext\u00e9rieur","Sport"],"articleSection":["Adultes \/ Familles"],"inLanguage":"fr-FR","potentialAction":[{"@type":"CommentAction","name":"Comment","target":["https:\/\/cscestran.fr\/?p=5635#respond"]}]},{"@type":"WebPage","@id":"https:\/\/cscestran.fr\/?p=5635","url":"https:\/\/cscestran.fr\/?p=5635","name":"Esti'Forme - Centre Socio-Culturel Coeur de Ville","isPartOf":{"@id":"https:\/\/cscestran.fr\/#website"},"primaryImageOfPage":{"@id":"https:\/\/cscestran.fr\/?p=5635#primaryimage"},"image":{"@id":"https:\/\/cscestran.fr\/?p=5635#primaryimage"},"thumbnailUrl":"https:\/\/cscestran.fr\/wp-content\/uploads\/2021\/06\/estiform.jpg","datePublished":"2021-06-22T12:24:33+00:00","dateModified":"2021-06-30T13:44:44+00:00","breadcrumb":{"@id":"https:\/\/cscestran.fr\/?p=5635#breadcrumb"},"inLanguage":"fr-FR","potentialAction":[{"@type":"ReadAction","target":["https:\/\/cscestran.fr\/?p=5635"]}]},{"@type":"ImageObject","inLanguage":"fr-FR","@id":"https:\/\/cscestran.fr\/?p=5635#primaryimage","url":"https:\/\/cscestran.fr\/wp-content\/uploads\/2021\/06\/estiform.jpg","contentUrl":"https:\/\/cscestran.fr\/wp-content\/uploads\/2021\/06\/estiform.jpg","width":960,"height":720},{"@type":"BreadcrumbList","@id":"https:\/\/cscestran.fr\/?p=5635#breadcrumb","itemListElement":[{"@type":"ListItem","position":1,"name":"Accueil","item":"https:\/\/cscestran.fr\/"},{"@type":"ListItem","position":2,"name":"Esti&rsquo;Forme"}]},{"@type":"WebSite","@id":"https:\/\/cscestran.fr\/#website","url":"https:\/\/cscestran.fr\/","name":"Centre Socio-Culturel Coeur de Ville","description":"","publisher":{"@id":"https:\/\/cscestran.fr\/#organization"},"potentialAction":[{"@type":"SearchAction","target":{"@type":"EntryPoint","urlTemplate":"https:\/\/cscestran.fr\/?s={search_term_string}"},"query-input":{"@type":"PropertyValueSpecification","valueRequired":true,"valueName":"search_term_string"}}],"inLanguage":"fr-FR"},{"@type":"Organization","@id":"https:\/\/cscestran.fr\/#organization","name":"Centre Socio-Culturel Coeur de Ville","url":"https:\/\/cscestran.fr\/","logo":{"@type":"ImageObject","inLanguage":"fr-FR","@id":"https:\/\/cscestran.fr\/#\/schema\/logo\/image\/","url":"https:\/\/cscestran.fr\/wp-content\/uploads\/2024\/07\/cropped-logo.png","contentUrl":"https:\/\/cscestran.fr\/wp-content\/uploads\/2024\/07\/cropped-logo.png","width":167,"height":167,"caption":"Centre Socio-Culturel Coeur de Ville"},"image":{"@id":"https:\/\/cscestran.fr\/#\/schema\/logo\/image\/"}},{"@type":"Person","@id":"https:\/\/cscestran.fr\/#\/schema\/person\/ffe9679d455144a2a947b0cacb08b52a","name":"admin","image":{"@type":"ImageObject","inLanguage":"fr-FR","@id":"https:\/\/cscestran.fr\/#\/schema\/person\/image\/","url":"https:\/\/secure.gravatar.com\/avatar\/259e9308f79c7fb2cbcafae2c3b6b219f2563d7edf5313eadfd4f525281ed951?s=96&d=mm&r=g","contentUrl":"https:\/\/secure.gravatar.com\/avatar\/259e9308f79c7fb2cbcafae2c3b6b219f2563d7edf5313eadfd4f525281ed951?s=96&d=mm&r=g","caption":"admin"},"sameAs":["https:\/\/cscestran.fr"],"url":"https:\/\/cscestran.fr\/?author=1"}]}},"jetpack_publicize_connections":[],"jetpack_featured_media_url":"https:\/\/cscestran.fr\/wp-content\/uploads\/2021\/06\/estiform.jpg","jetpack_likes_enabled":true,"jetpack_sharing_enabled":true,"_links":{"self":[{"href":"https:\/\/cscestran.fr\/index.php?rest_route=\/wp\/v2\/posts\/5635","targetHints":{"allow":["GET"]}}],"collection":[{"href":"https:\/\/cscestran.fr\/index.php?rest_route=\/wp\/v2\/posts"}],"about":[{"href":"https:\/\/cscestran.fr\/index.php?rest_route=\/wp\/v2\/types\/post"}],"author":[{"embeddable":true,"href":"https:\/\/cscestran.fr\/index.php?rest_route=\/wp\/v2\/users\/1"}],"replies":[{"embeddable":true,"href":"https:\/\/cscestran.fr\/index.php?rest_route=%2Fwp%2Fv2%2Fcomments&post=5635"}],"version-history":[{"count":2,"href":"https:\/\/cscestran.fr\/index.php?rest_route=\/wp\/v2\/posts\/5635\/revisions"}],"predecessor-version":[{"id":5681,"href":"https:\/\/cscestran.fr\/index.php?rest_route=\/wp\/v2\/posts\/5635\/revisions\/5681"}],"wp:featuredmedia":[{"embeddable":true,"href":"https:\/\/cscestran.fr\/index.php?rest_route=\/wp\/v2\/media\/5636"}],"wp:attachment":[{"href":"https:\/\/cscestran.fr\/index.php?rest_route=%2Fwp%2Fv2%2Fmedia&parent=5635"}],"wp:term":[{"taxonomy":"category","embeddable":true,"href":"https:\/\/cscestran.fr\/index.php?rest_route=%2Fwp%2Fv2%2Fcategories&post=5635"},{"taxonomy":"post_tag","embeddable":true,"href":"https:\/\/cscestran.fr\/index.php?rest_route=%2Fwp%2Fv2%2Ftags&post=5635"}],"curies":[{"name":"wp","href":"https:\/\/api.w.org\/{rel}","templated":true}]}}