{"id":5654,"date":"2021-06-25T11:15:04","date_gmt":"2021-06-25T11:15:04","guid":{"rendered":"https:\/\/cscestran.fr\/?p=5654"},"modified":"2021-06-30T13:40:28","modified_gmt":"2021-06-30T13:40:28","slug":"assemblee-generale-2021","status":"publish","type":"post","link":"https:\/\/cscestran.fr\/?p=5654","title":{"rendered":"Assembl\u00e9e G\u00e9n\u00e9rale 2021 !"},"content":{"rendered":"\n<div class=\"wp-block-media-text alignwide is-stacked-on-mobile is-vertically-aligned-center\" style=\"grid-template-columns:51% auto\"><figure class=\"wp-block-media-text__media\"><img loading=\"lazy\" decoding=\"async\" width=\"1280\" height=\"853\" src=\"https:\/\/cscestran.fr\/wp-content\/uploads\/2021\/06\/organiser-lassemblee-generale-dune-association-10.jpg\" alt=\"\" class=\"wp-image-5656 size-full\" srcset=\"https:\/\/cscestran.fr\/wp-content\/uploads\/2021\/06\/organiser-lassemblee-generale-dune-association-10.jpg 1280w, https:\/\/cscestran.fr\/wp-content\/uploads\/2021\/06\/organiser-lassemblee-generale-dune-association-10-300x200.jpg 300w, https:\/\/cscestran.fr\/wp-content\/uploads\/2021\/06\/organiser-lassemblee-generale-dune-association-10-1024x682.jpg 1024w, https:\/\/cscestran.fr\/wp-content\/uploads\/2021\/06\/organiser-lassemblee-generale-dune-association-10-768x512.jpg 768w\" sizes=\"auto, (max-width: 1280px) 100vw, 1280px\" \/><\/figure><div class=\"wp-block-media-text__content\">\n<p class=\"has-colibri-color-1-color has-text-color has-medium-font-size\">A partir de ce lundi 28 juin et jusqu&rsquo;au vendredi 09 juillet 18h00, c&rsquo;est l&rsquo;Assembl\u00e9e G\u00e9n\u00e9rale 2021 de l&rsquo;AGFPDASC !<\/p>\n\n\n\n<p class=\"has-colibri-color-1-color has-text-color\">Vous trouverez ci-dessous la vid\u00e9o de pr\u00e9sentation de notre XXXVII\u00e8me AG et son d\u00e9roul\u00e9e. N&rsquo;oubliez pas, chaque vote compte \ud83d\ude09 <\/p>\n<\/div><\/div>\n\n\n\n<hr class=\"wp-block-separator has-text-color has-background has-colibri-color-1-background-color has-colibri-color-1-color is-style-wide\"\/>\n\n\n\n<p class=\"has-colibri-color-1-color has-text-color\">A partir de lundi, vous pourrez consulter l&rsquo;ensemble des \u00e9l\u00e9ments soumis \u00e0 votre approbation directement au Centre Socioculturel ou en ligne sur notre site et les r\u00e9seaux sociaux. Vous pourrez \u00e9galement nous laisser vos remarques et questions sur notre panneau d\u00e9di\u00e9. Nous y r\u00e9pondrons lors du d\u00e9pouillement qui se tiendra \u00e0 huis clos le 09 juillet. <\/p>\n\n\n\n<p class=\"has-colibri-color-1-color has-text-color\"><strong>Le vote se tient uniquement en pr\u00e9sentiel<\/strong> au 49 boulevard L\u00e9on Marchal, pendant les horaires d&rsquo;ouvertures de l&rsquo;accueil du Centre Socioculturel. <\/p>\n\n\n\n<p class=\"has-text-align-right has-colibri-color-1-color has-text-color\">A tr\u00e8s vite !<\/p>\n\n\n\n<hr class=\"wp-block-separator is-style-wide\"\/>\n\n\n\n<figure class=\"wp-block-video\"><video height=\"720\" style=\"aspect-ratio: 1280 \/ 720;\" width=\"1280\" autoplay controls poster=\"\" src=\"https:\/\/cscestran.fr\/wp-content\/uploads\/2021\/06\/Presentation-AG2021.mp4\"><\/video><\/figure>\n","protected":false},"excerpt":{"rendered":"<p>A partir de ce lundi 28 juin et jusqu&rsquo;au vendredi 09 juillet 18h00, c&rsquo;est l&rsquo;Assembl\u00e9e G\u00e9n\u00e9rale 2021 de l&rsquo;AGFPDASC ! Vous trouverez ci-dessous la vid\u00e9o de pr\u00e9sentation de notre XXXVII\u00e8me AG et son d\u00e9roul\u00e9e. N&rsquo;oubliez pas, chaque vote compte \ud83d\ude09 A partir de lundi, vous pourrez consulter l&rsquo;ensemble des \u00e9l\u00e9ments soumis \u00e0 votre approbation directement [&hellip;]<\/p>\n","protected":false},"author":1,"featured_media":5656,"comment_status":"open","ping_status":"open","sticky":false,"template":"","format":"standard","meta":{"_jetpack_memberships_contains_paid_content":false,"footnotes":"","jetpack_publicize_message":"","jetpack_publicize_feature_enabled":true,"jetpack_social_post_already_shared":false,"jetpack_social_options":{"image_generator_settings":{"template":"highway","default_image_id":0,"font":"","enabled":false},"version":2}},"categories":[36],"tags":[35,33,34],"class_list":["post-5654","post","type-post","status-publish","format-standard","has-post-thumbnail","hentry","category-vie-associative","tag-ag","tag-estran","tag-grandfortphilippe"],"yoast_head":"<!-- This site is optimized with the Yoast SEO plugin v24.9 - https:\/\/yoast.com\/wordpress\/plugins\/seo\/ -->\n<title>Assembl\u00e9e G\u00e9n\u00e9rale 2021 ! - Centre Socio-Culturel Coeur de Ville<\/title>\n<meta name=\"robots\" content=\"index, follow, max-snippet:-1, max-image-preview:large, max-video-preview:-1\" \/>\n<link rel=\"canonical\" href=\"https:\/\/cscestran.fr\/?p=5654\" \/>\n<meta property=\"og:locale\" content=\"fr_FR\" \/>\n<meta property=\"og:type\" content=\"article\" \/>\n<meta property=\"og:title\" content=\"Assembl\u00e9e G\u00e9n\u00e9rale 2021 ! - Centre Socio-Culturel Coeur de Ville\" \/>\n<meta property=\"og:description\" content=\"A partir de ce lundi 28 juin et jusqu&rsquo;au vendredi 09 juillet 18h00, c&rsquo;est l&rsquo;Assembl\u00e9e G\u00e9n\u00e9rale 2021 de l&rsquo;AGFPDASC ! Vous trouverez ci-dessous la vid\u00e9o de pr\u00e9sentation de notre XXXVII\u00e8me AG et son d\u00e9roul\u00e9e. N&rsquo;oubliez pas, chaque vote compte \ud83d\ude09 A partir de lundi, vous pourrez consulter l&rsquo;ensemble des \u00e9l\u00e9ments soumis \u00e0 votre approbation directement [&hellip;]\" \/>\n<meta property=\"og:url\" content=\"https:\/\/cscestran.fr\/?p=5654\" \/>\n<meta property=\"og:site_name\" content=\"Centre Socio-Culturel Coeur de Ville\" \/>\n<meta property=\"article:published_time\" content=\"2021-06-25T11:15:04+00:00\" \/>\n<meta property=\"article:modified_time\" content=\"2021-06-30T13:40:28+00:00\" \/>\n<meta property=\"og:image\" content=\"https:\/\/cscestran.fr\/wp-content\/uploads\/2021\/06\/organiser-lassemblee-generale-dune-association-10.jpg\" \/>\n\t<meta property=\"og:image:width\" content=\"1280\" \/>\n\t<meta property=\"og:image:height\" content=\"853\" \/>\n\t<meta property=\"og:image:type\" content=\"image\/jpeg\" \/>\n<meta name=\"author\" content=\"admin\" \/>\n<meta name=\"twitter:card\" content=\"summary_large_image\" \/>\n<meta name=\"twitter:label1\" content=\"\u00c9crit par\" \/>\n\t<meta name=\"twitter:data1\" content=\"admin\" \/>\n\t<meta name=\"twitter:label2\" content=\"Dur\u00e9e de lecture estim\u00e9e\" \/>\n\t<meta name=\"twitter:data2\" content=\"1 minute\" \/>\n<script type=\"application\/ld+json\" class=\"yoast-schema-graph\">{\"@context\":\"https:\/\/schema.org\",\"@graph\":[{\"@type\":\"Article\",\"@id\":\"https:\/\/cscestran.fr\/?p=5654#article\",\"isPartOf\":{\"@id\":\"https:\/\/cscestran.fr\/?p=5654\"},\"author\":{\"name\":\"admin\",\"@id\":\"https:\/\/cscestran.fr\/#\/schema\/person\/ffe9679d455144a2a947b0cacb08b52a\"},\"headline\":\"Assembl\u00e9e G\u00e9n\u00e9rale 2021 !\",\"datePublished\":\"2021-06-25T11:15:04+00:00\",\"dateModified\":\"2021-06-30T13:40:28+00:00\",\"mainEntityOfPage\":{\"@id\":\"https:\/\/cscestran.fr\/?p=5654\"},\"wordCount\":133,\"commentCount\":0,\"publisher\":{\"@id\":\"https:\/\/cscestran.fr\/#organization\"},\"image\":{\"@id\":\"https:\/\/cscestran.fr\/?p=5654#primaryimage\"},\"thumbnailUrl\":\"https:\/\/cscestran.fr\/wp-content\/uploads\/2021\/06\/organiser-lassemblee-generale-dune-association-10.jpg\",\"keywords\":[\"ag\",\"estran\",\"grandfortphilippe\"],\"articleSection\":[\"Vie Associative\"],\"inLanguage\":\"fr-FR\",\"potentialAction\":[{\"@type\":\"CommentAction\",\"name\":\"Comment\",\"target\":[\"https:\/\/cscestran.fr\/?p=5654#respond\"]}]},{\"@type\":\"WebPage\",\"@id\":\"https:\/\/cscestran.fr\/?p=5654\",\"url\":\"https:\/\/cscestran.fr\/?p=5654\",\"name\":\"Assembl\u00e9e G\u00e9n\u00e9rale 2021 ! - Centre Socio-Culturel Coeur de Ville\",\"isPartOf\":{\"@id\":\"https:\/\/cscestran.fr\/#website\"},\"primaryImageOfPage\":{\"@id\":\"https:\/\/cscestran.fr\/?p=5654#primaryimage\"},\"image\":{\"@id\":\"https:\/\/cscestran.fr\/?p=5654#primaryimage\"},\"thumbnailUrl\":\"https:\/\/cscestran.fr\/wp-content\/uploads\/2021\/06\/organiser-lassemblee-generale-dune-association-10.jpg\",\"datePublished\":\"2021-06-25T11:15:04+00:00\",\"dateModified\":\"2021-06-30T13:40:28+00:00\",\"breadcrumb\":{\"@id\":\"https:\/\/cscestran.fr\/?p=5654#breadcrumb\"},\"inLanguage\":\"fr-FR\",\"potentialAction\":[{\"@type\":\"ReadAction\",\"target\":[\"https:\/\/cscestran.fr\/?p=5654\"]}]},{\"@type\":\"ImageObject\",\"inLanguage\":\"fr-FR\",\"@id\":\"https:\/\/cscestran.fr\/?p=5654#primaryimage\",\"url\":\"https:\/\/cscestran.fr\/wp-content\/uploads\/2021\/06\/organiser-lassemblee-generale-dune-association-10.jpg\",\"contentUrl\":\"https:\/\/cscestran.fr\/wp-content\/uploads\/2021\/06\/organiser-lassemblee-generale-dune-association-10.jpg\",\"width\":1280,\"height\":853},{\"@type\":\"BreadcrumbList\",\"@id\":\"https:\/\/cscestran.fr\/?p=5654#breadcrumb\",\"itemListElement\":[{\"@type\":\"ListItem\",\"position\":1,\"name\":\"Accueil\",\"item\":\"https:\/\/cscestran.fr\/\"},{\"@type\":\"ListItem\",\"position\":2,\"name\":\"Assembl\u00e9e G\u00e9n\u00e9rale 2021 !\"}]},{\"@type\":\"WebSite\",\"@id\":\"https:\/\/cscestran.fr\/#website\",\"url\":\"https:\/\/cscestran.fr\/\",\"name\":\"Centre Socio-Culturel Coeur de Ville\",\"description\":\"\",\"publisher\":{\"@id\":\"https:\/\/cscestran.fr\/#organization\"},\"potentialAction\":[{\"@type\":\"SearchAction\",\"target\":{\"@type\":\"EntryPoint\",\"urlTemplate\":\"https:\/\/cscestran.fr\/?s={search_term_string}\"},\"query-input\":{\"@type\":\"PropertyValueSpecification\",\"valueRequired\":true,\"valueName\":\"search_term_string\"}}],\"inLanguage\":\"fr-FR\"},{\"@type\":\"Organization\",\"@id\":\"https:\/\/cscestran.fr\/#organization\",\"name\":\"Centre Socio-Culturel Coeur de Ville\",\"url\":\"https:\/\/cscestran.fr\/\",\"logo\":{\"@type\":\"ImageObject\",\"inLanguage\":\"fr-FR\",\"@id\":\"https:\/\/cscestran.fr\/#\/schema\/logo\/image\/\",\"url\":\"https:\/\/cscestran.fr\/wp-content\/uploads\/2024\/07\/cropped-logo.png\",\"contentUrl\":\"https:\/\/cscestran.fr\/wp-content\/uploads\/2024\/07\/cropped-logo.png\",\"width\":167,\"height\":167,\"caption\":\"Centre Socio-Culturel Coeur de Ville\"},\"image\":{\"@id\":\"https:\/\/cscestran.fr\/#\/schema\/logo\/image\/\"}},{\"@type\":\"Person\",\"@id\":\"https:\/\/cscestran.fr\/#\/schema\/person\/ffe9679d455144a2a947b0cacb08b52a\",\"name\":\"admin\",\"image\":{\"@type\":\"ImageObject\",\"inLanguage\":\"fr-FR\",\"@id\":\"https:\/\/cscestran.fr\/#\/schema\/person\/image\/\",\"url\":\"https:\/\/secure.gravatar.com\/avatar\/259e9308f79c7fb2cbcafae2c3b6b219f2563d7edf5313eadfd4f525281ed951?s=96&d=mm&r=g\",\"contentUrl\":\"https:\/\/secure.gravatar.com\/avatar\/259e9308f79c7fb2cbcafae2c3b6b219f2563d7edf5313eadfd4f525281ed951?s=96&d=mm&r=g\",\"caption\":\"admin\"},\"sameAs\":[\"https:\/\/cscestran.fr\"],\"url\":\"https:\/\/cscestran.fr\/?author=1\"}]}<\/script>\n<!-- \/ Yoast SEO plugin. -->","yoast_head_json":{"title":"Assembl\u00e9e G\u00e9n\u00e9rale 2021 ! - Centre Socio-Culturel Coeur de Ville","robots":{"index":"index","follow":"follow","max-snippet":"max-snippet:-1","max-image-preview":"max-image-preview:large","max-video-preview":"max-video-preview:-1"},"canonical":"https:\/\/cscestran.fr\/?p=5654","og_locale":"fr_FR","og_type":"article","og_title":"Assembl\u00e9e G\u00e9n\u00e9rale 2021 ! - Centre Socio-Culturel Coeur de Ville","og_description":"A partir de ce lundi 28 juin et jusqu&rsquo;au vendredi 09 juillet 18h00, c&rsquo;est l&rsquo;Assembl\u00e9e G\u00e9n\u00e9rale 2021 de l&rsquo;AGFPDASC ! Vous trouverez ci-dessous la vid\u00e9o de pr\u00e9sentation de notre XXXVII\u00e8me AG et son d\u00e9roul\u00e9e. N&rsquo;oubliez pas, chaque vote compte \ud83d\ude09 A partir de lundi, vous pourrez consulter l&rsquo;ensemble des \u00e9l\u00e9ments soumis \u00e0 votre approbation directement [&hellip;]","og_url":"https:\/\/cscestran.fr\/?p=5654","og_site_name":"Centre Socio-Culturel Coeur de Ville","article_published_time":"2021-06-25T11:15:04+00:00","article_modified_time":"2021-06-30T13:40:28+00:00","og_image":[{"width":1280,"height":853,"url":"https:\/\/cscestran.fr\/wp-content\/uploads\/2021\/06\/organiser-lassemblee-generale-dune-association-10.jpg","type":"image\/jpeg"}],"author":"admin","twitter_card":"summary_large_image","twitter_misc":{"\u00c9crit par":"admin","Dur\u00e9e de lecture estim\u00e9e":"1 minute"},"schema":{"@context":"https:\/\/schema.org","@graph":[{"@type":"Article","@id":"https:\/\/cscestran.fr\/?p=5654#article","isPartOf":{"@id":"https:\/\/cscestran.fr\/?p=5654"},"author":{"name":"admin","@id":"https:\/\/cscestran.fr\/#\/schema\/person\/ffe9679d455144a2a947b0cacb08b52a"},"headline":"Assembl\u00e9e G\u00e9n\u00e9rale 2021 !","datePublished":"2021-06-25T11:15:04+00:00","dateModified":"2021-06-30T13:40:28+00:00","mainEntityOfPage":{"@id":"https:\/\/cscestran.fr\/?p=5654"},"wordCount":133,"commentCount":0,"publisher":{"@id":"https:\/\/cscestran.fr\/#organization"},"image":{"@id":"https:\/\/cscestran.fr\/?p=5654#primaryimage"},"thumbnailUrl":"https:\/\/cscestran.fr\/wp-content\/uploads\/2021\/06\/organiser-lassemblee-generale-dune-association-10.jpg","keywords":["ag","estran","grandfortphilippe"],"articleSection":["Vie Associative"],"inLanguage":"fr-FR","potentialAction":[{"@type":"CommentAction","name":"Comment","target":["https:\/\/cscestran.fr\/?p=5654#respond"]}]},{"@type":"WebPage","@id":"https:\/\/cscestran.fr\/?p=5654","url":"https:\/\/cscestran.fr\/?p=5654","name":"Assembl\u00e9e G\u00e9n\u00e9rale 2021 ! - Centre Socio-Culturel Coeur de Ville","isPartOf":{"@id":"https:\/\/cscestran.fr\/#website"},"primaryImageOfPage":{"@id":"https:\/\/cscestran.fr\/?p=5654#primaryimage"},"image":{"@id":"https:\/\/cscestran.fr\/?p=5654#primaryimage"},"thumbnailUrl":"https:\/\/cscestran.fr\/wp-content\/uploads\/2021\/06\/organiser-lassemblee-generale-dune-association-10.jpg","datePublished":"2021-06-25T11:15:04+00:00","dateModified":"2021-06-30T13:40:28+00:00","breadcrumb":{"@id":"https:\/\/cscestran.fr\/?p=5654#breadcrumb"},"inLanguage":"fr-FR","potentialAction":[{"@type":"ReadAction","target":["https:\/\/cscestran.fr\/?p=5654"]}]},{"@type":"ImageObject","inLanguage":"fr-FR","@id":"https:\/\/cscestran.fr\/?p=5654#primaryimage","url":"https:\/\/cscestran.fr\/wp-content\/uploads\/2021\/06\/organiser-lassemblee-generale-dune-association-10.jpg","contentUrl":"https:\/\/cscestran.fr\/wp-content\/uploads\/2021\/06\/organiser-lassemblee-generale-dune-association-10.jpg","width":1280,"height":853},{"@type":"BreadcrumbList","@id":"https:\/\/cscestran.fr\/?p=5654#breadcrumb","itemListElement":[{"@type":"ListItem","position":1,"name":"Accueil","item":"https:\/\/cscestran.fr\/"},{"@type":"ListItem","position":2,"name":"Assembl\u00e9e G\u00e9n\u00e9rale 2021 !"}]},{"@type":"WebSite","@id":"https:\/\/cscestran.fr\/#website","url":"https:\/\/cscestran.fr\/","name":"Centre Socio-Culturel Coeur de Ville","description":"","publisher":{"@id":"https:\/\/cscestran.fr\/#organization"},"potentialAction":[{"@type":"SearchAction","target":{"@type":"EntryPoint","urlTemplate":"https:\/\/cscestran.fr\/?s={search_term_string}"},"query-input":{"@type":"PropertyValueSpecification","valueRequired":true,"valueName":"search_term_string"}}],"inLanguage":"fr-FR"},{"@type":"Organization","@id":"https:\/\/cscestran.fr\/#organization","name":"Centre Socio-Culturel Coeur de Ville","url":"https:\/\/cscestran.fr\/","logo":{"@type":"ImageObject","inLanguage":"fr-FR","@id":"https:\/\/cscestran.fr\/#\/schema\/logo\/image\/","url":"https:\/\/cscestran.fr\/wp-content\/uploads\/2024\/07\/cropped-logo.png","contentUrl":"https:\/\/cscestran.fr\/wp-content\/uploads\/2024\/07\/cropped-logo.png","width":167,"height":167,"caption":"Centre Socio-Culturel Coeur de Ville"},"image":{"@id":"https:\/\/cscestran.fr\/#\/schema\/logo\/image\/"}},{"@type":"Person","@id":"https:\/\/cscestran.fr\/#\/schema\/person\/ffe9679d455144a2a947b0cacb08b52a","name":"admin","image":{"@type":"ImageObject","inLanguage":"fr-FR","@id":"https:\/\/cscestran.fr\/#\/schema\/person\/image\/","url":"https:\/\/secure.gravatar.com\/avatar\/259e9308f79c7fb2cbcafae2c3b6b219f2563d7edf5313eadfd4f525281ed951?s=96&d=mm&r=g","contentUrl":"https:\/\/secure.gravatar.com\/avatar\/259e9308f79c7fb2cbcafae2c3b6b219f2563d7edf5313eadfd4f525281ed951?s=96&d=mm&r=g","caption":"admin"},"sameAs":["https:\/\/cscestran.fr"],"url":"https:\/\/cscestran.fr\/?author=1"}]}},"jetpack_publicize_connections":[],"jetpack_featured_media_url":"https:\/\/cscestran.fr\/wp-content\/uploads\/2021\/06\/organiser-lassemblee-generale-dune-association-10.jpg","jetpack_likes_enabled":true,"jetpack_sharing_enabled":true,"_links":{"self":[{"href":"https:\/\/cscestran.fr\/index.php?rest_route=\/wp\/v2\/posts\/5654","targetHints":{"allow":["GET"]}}],"collection":[{"href":"https:\/\/cscestran.fr\/index.php?rest_route=\/wp\/v2\/posts"}],"about":[{"href":"https:\/\/cscestran.fr\/index.php?rest_route=\/wp\/v2\/types\/post"}],"author":[{"embeddable":true,"href":"https:\/\/cscestran.fr\/index.php?rest_route=\/wp\/v2\/users\/1"}],"replies":[{"embeddable":true,"href":"https:\/\/cscestran.fr\/index.php?rest_route=%2Fwp%2Fv2%2Fcomments&post=5654"}],"version-history":[{"count":8,"href":"https:\/\/cscestran.fr\/index.php?rest_route=\/wp\/v2\/posts\/5654\/revisions"}],"predecessor-version":[{"id":5667,"href":"https:\/\/cscestran.fr\/index.php?rest_route=\/wp\/v2\/posts\/5654\/revisions\/5667"}],"wp:featuredmedia":[{"embeddable":true,"href":"https:\/\/cscestran.fr\/index.php?rest_route=\/wp\/v2\/media\/5656"}],"wp:attachment":[{"href":"https:\/\/cscestran.fr\/index.php?rest_route=%2Fwp%2Fv2%2Fmedia&parent=5654"}],"wp:term":[{"taxonomy":"category","embeddable":true,"href":"https:\/\/cscestran.fr\/index.php?rest_route=%2Fwp%2Fv2%2Fcategories&post=5654"},{"taxonomy":"post_tag","embeddable":true,"href":"https:\/\/cscestran.fr\/index.php?rest_route=%2Fwp%2Fv2%2Ftags&post=5654"}],"curies":[{"name":"wp","href":"https:\/\/api.w.org\/{rel}","templated":true}]}}