{"id":8022,"date":"2022-10-28T13:25:29","date_gmt":"2022-10-28T13:25:29","guid":{"rendered":"https:\/\/cscestran.fr\/?p=8022"},"modified":"2022-10-28T13:28:13","modified_gmt":"2022-10-28T13:28:13","slug":"journee-de-lenvironnement","status":"publish","type":"post","link":"https:\/\/cscestran.fr\/?p=8022","title":{"rendered":"[ JOURN\u00c9E DE L\u2019ENVIRONNEMENT ]"},"content":{"rendered":"\n<p><\/p>\n\n\n\n<p>Les 4-6 ans, ont  particip\u00e9 \u00e0 cette journ\u00e9e, en confectionnant ensemble, deux abreuvoirs \u00e0 oiseaux <img loading=\"lazy\" decoding=\"async\" height=\"16\" width=\"16\" src=\"https:\/\/static.xx.fbcdn.net\/images\/emoji.php\/v9\/te9\/1.5\/16\/1f426.png\" alt=\"\ud83d\udc26\">, qui seront plac\u00e9s au Centre Socioculturel L\u2019Estran et au P\u00e9riscolaire<\/p>\n\n\n\n<p><a href=\"https:\/\/www.facebook.com\/lafabriqueverte\/?__cft__[0]=AZUjhbKyXlPI6kuDmdBOEJwqXBK4cVr2L2ianf8JeWx5sZ848fGUaiRuzSQfxxf-hM3pZjQoguuIrPyIMZMw1hFKpA7DWyN8F4iUoYOB5m-Wh4_jsEjyeQHMZ5TR35x2YTyA5RYEeFXzqlY3pEF_oumYDfLmXiu1rrCr7oCOQ4T6QoEGyFGHv1Rl-2gSIybInrA&amp;__tn__=kK-R\">La Fabrique Verte<\/a><\/p>\n\n\n\n<figure class=\"wp-block-gallery has-nested-images columns-default is-cropped wp-block-gallery-1 is-layout-flex wp-block-gallery-is-layout-flex\">\n<figure class=\"wp-block-image size-large\"><img loading=\"lazy\" decoding=\"async\" width=\"768\" height=\"1024\" data-id=\"8023\" src=\"https:\/\/cscestran.fr\/wp-content\/uploads\/2022\/10\/313035779_446535117665162_7140971822910265360_n-768x1024.jpg\" alt=\"\" class=\"wp-image-8023\" srcset=\"https:\/\/cscestran.fr\/wp-content\/uploads\/2022\/10\/313035779_446535117665162_7140971822910265360_n-768x1024.jpg 768w, https:\/\/cscestran.fr\/wp-content\/uploads\/2022\/10\/313035779_446535117665162_7140971822910265360_n-225x300.jpg 225w, https:\/\/cscestran.fr\/wp-content\/uploads\/2022\/10\/313035779_446535117665162_7140971822910265360_n-1152x1536.jpg 1152w, https:\/\/cscestran.fr\/wp-content\/uploads\/2022\/10\/313035779_446535117665162_7140971822910265360_n.jpg 1536w\" sizes=\"auto, (max-width: 768px) 100vw, 768px\" \/><\/figure>\n\n\n\n<figure class=\"wp-block-image size-large\"><img loading=\"lazy\" decoding=\"async\" width=\"768\" height=\"1024\" data-id=\"8025\" src=\"https:\/\/cscestran.fr\/wp-content\/uploads\/2022\/10\/313112026_446535057665168_7618878242925333434_n-768x1024.jpg\" alt=\"\" class=\"wp-image-8025\" srcset=\"https:\/\/cscestran.fr\/wp-content\/uploads\/2022\/10\/313112026_446535057665168_7618878242925333434_n-768x1024.jpg 768w, https:\/\/cscestran.fr\/wp-content\/uploads\/2022\/10\/313112026_446535057665168_7618878242925333434_n-225x300.jpg 225w, https:\/\/cscestran.fr\/wp-content\/uploads\/2022\/10\/313112026_446535057665168_7618878242925333434_n-1152x1536.jpg 1152w, https:\/\/cscestran.fr\/wp-content\/uploads\/2022\/10\/313112026_446535057665168_7618878242925333434_n.jpg 1536w\" sizes=\"auto, (max-width: 768px) 100vw, 768px\" \/><\/figure>\n\n\n\n<figure class=\"wp-block-image size-large\"><img loading=\"lazy\" decoding=\"async\" width=\"768\" height=\"1024\" data-id=\"8027\" src=\"https:\/\/cscestran.fr\/wp-content\/uploads\/2022\/10\/313169468_446535027665171_7950995113760883260_n-768x1024.jpg\" alt=\"\" class=\"wp-image-8027\" srcset=\"https:\/\/cscestran.fr\/wp-content\/uploads\/2022\/10\/313169468_446535027665171_7950995113760883260_n-768x1024.jpg 768w, https:\/\/cscestran.fr\/wp-content\/uploads\/2022\/10\/313169468_446535027665171_7950995113760883260_n-225x300.jpg 225w, https:\/\/cscestran.fr\/wp-content\/uploads\/2022\/10\/313169468_446535027665171_7950995113760883260_n-1152x1536.jpg 1152w, https:\/\/cscestran.fr\/wp-content\/uploads\/2022\/10\/313169468_446535027665171_7950995113760883260_n.jpg 1536w\" sizes=\"auto, (max-width: 768px) 100vw, 768px\" \/><\/figure>\n\n\n\n<figure class=\"wp-block-image size-large\"><img loading=\"lazy\" decoding=\"async\" width=\"1024\" height=\"768\" data-id=\"8024\" src=\"https:\/\/cscestran.fr\/wp-content\/uploads\/2022\/10\/313216925_446535104331830_7150098165165653221_n-1024x768.jpg\" alt=\"\" class=\"wp-image-8024\" srcset=\"https:\/\/cscestran.fr\/wp-content\/uploads\/2022\/10\/313216925_446535104331830_7150098165165653221_n-1024x768.jpg 1024w, https:\/\/cscestran.fr\/wp-content\/uploads\/2022\/10\/313216925_446535104331830_7150098165165653221_n-300x225.jpg 300w, https:\/\/cscestran.fr\/wp-content\/uploads\/2022\/10\/313216925_446535104331830_7150098165165653221_n-768x576.jpg 768w, https:\/\/cscestran.fr\/wp-content\/uploads\/2022\/10\/313216925_446535104331830_7150098165165653221_n-1536x1152.jpg 1536w, https:\/\/cscestran.fr\/wp-content\/uploads\/2022\/10\/313216925_446535104331830_7150098165165653221_n.jpg 2048w\" sizes=\"auto, (max-width: 1024px) 100vw, 1024px\" \/><\/figure>\n\n\n\n<figure class=\"wp-block-image size-large\"><img loading=\"lazy\" decoding=\"async\" width=\"768\" height=\"1024\" data-id=\"8026\" src=\"https:\/\/cscestran.fr\/wp-content\/uploads\/2022\/10\/313258293_446535134331827_7138866279726993863_n-768x1024.jpg\" alt=\"\" class=\"wp-image-8026\" srcset=\"https:\/\/cscestran.fr\/wp-content\/uploads\/2022\/10\/313258293_446535134331827_7138866279726993863_n-768x1024.jpg 768w, https:\/\/cscestran.fr\/wp-content\/uploads\/2022\/10\/313258293_446535134331827_7138866279726993863_n-225x300.jpg 225w, https:\/\/cscestran.fr\/wp-content\/uploads\/2022\/10\/313258293_446535134331827_7138866279726993863_n-1152x1536.jpg 1152w, https:\/\/cscestran.fr\/wp-content\/uploads\/2022\/10\/313258293_446535134331827_7138866279726993863_n.jpg 1536w\" sizes=\"auto, (max-width: 768px) 100vw, 768px\" \/><\/figure>\n<\/figure>\n","protected":false},"excerpt":{"rendered":"<p>Les 4-6 ans, ont particip\u00e9 \u00e0 cette journ\u00e9e, en confectionnant ensemble, deux abreuvoirs \u00e0 oiseaux , qui seront plac\u00e9s au Centre Socioculturel L\u2019Estran et au P\u00e9riscolaire La Fabrique Verte<\/p>\n","protected":false},"author":1,"featured_media":8024,"comment_status":"open","ping_status":"open","sticky":false,"template":"","format":"standard","meta":{"_jetpack_memberships_contains_paid_content":false,"footnotes":"","jetpack_publicize_message":"","jetpack_publicize_feature_enabled":true,"jetpack_social_post_already_shared":true,"jetpack_social_options":{"image_generator_settings":{"template":"highway","default_image_id":0,"font":"","enabled":false},"version":2}},"categories":[1],"tags":[],"class_list":["post-8022","post","type-post","status-publish","format-standard","has-post-thumbnail","hentry","category-uncategorized"],"yoast_head":"<!-- This site is optimized with the Yoast SEO plugin v24.9 - https:\/\/yoast.com\/wordpress\/plugins\/seo\/ -->\n<title>[ JOURN\u00c9E DE L\u2019ENVIRONNEMENT ] - Centre Socio-Culturel Coeur de Ville<\/title>\n<meta name=\"robots\" content=\"index, follow, max-snippet:-1, max-image-preview:large, max-video-preview:-1\" \/>\n<link rel=\"canonical\" href=\"https:\/\/cscestran.fr\/?p=8022\" \/>\n<meta property=\"og:locale\" content=\"fr_FR\" \/>\n<meta property=\"og:type\" content=\"article\" \/>\n<meta property=\"og:title\" content=\"[ JOURN\u00c9E DE L\u2019ENVIRONNEMENT ] - Centre Socio-Culturel Coeur de Ville\" \/>\n<meta property=\"og:description\" content=\"Les 4-6 ans, ont particip\u00e9 \u00e0 cette journ\u00e9e, en confectionnant ensemble, deux abreuvoirs \u00e0 oiseaux , qui seront plac\u00e9s au Centre Socioculturel L\u2019Estran et au P\u00e9riscolaire La Fabrique Verte\" \/>\n<meta property=\"og:url\" content=\"https:\/\/cscestran.fr\/?p=8022\" \/>\n<meta property=\"og:site_name\" content=\"Centre Socio-Culturel Coeur de Ville\" \/>\n<meta property=\"article:published_time\" content=\"2022-10-28T13:25:29+00:00\" \/>\n<meta property=\"article:modified_time\" content=\"2022-10-28T13:28:13+00:00\" \/>\n<meta property=\"og:image\" content=\"https:\/\/cscestran.fr\/wp-content\/uploads\/2022\/10\/313216925_446535104331830_7150098165165653221_n.jpg\" \/>\n\t<meta property=\"og:image:width\" content=\"2048\" \/>\n\t<meta property=\"og:image:height\" content=\"1536\" \/>\n\t<meta property=\"og:image:type\" content=\"image\/jpeg\" \/>\n<meta name=\"author\" content=\"admin\" \/>\n<meta name=\"twitter:card\" content=\"summary_large_image\" \/>\n<meta name=\"twitter:label1\" content=\"\u00c9crit par\" \/>\n\t<meta name=\"twitter:data1\" content=\"admin\" \/>\n\t<meta name=\"twitter:label2\" content=\"Dur\u00e9e de lecture estim\u00e9e\" \/>\n\t<meta name=\"twitter:data2\" content=\"2 minutes\" \/>\n<script type=\"application\/ld+json\" class=\"yoast-schema-graph\">{\"@context\":\"https:\/\/schema.org\",\"@graph\":[{\"@type\":\"Article\",\"@id\":\"https:\/\/cscestran.fr\/?p=8022#article\",\"isPartOf\":{\"@id\":\"https:\/\/cscestran.fr\/?p=8022\"},\"author\":{\"name\":\"admin\",\"@id\":\"https:\/\/cscestran.fr\/#\/schema\/person\/ffe9679d455144a2a947b0cacb08b52a\"},\"headline\":\"[ JOURN\u00c9E DE L\u2019ENVIRONNEMENT ]\",\"datePublished\":\"2022-10-28T13:25:29+00:00\",\"dateModified\":\"2022-10-28T13:28:13+00:00\",\"mainEntityOfPage\":{\"@id\":\"https:\/\/cscestran.fr\/?p=8022\"},\"wordCount\":35,\"commentCount\":0,\"publisher\":{\"@id\":\"https:\/\/cscestran.fr\/#organization\"},\"image\":{\"@id\":\"https:\/\/cscestran.fr\/?p=8022#primaryimage\"},\"thumbnailUrl\":\"https:\/\/cscestran.fr\/wp-content\/uploads\/2022\/10\/313216925_446535104331830_7150098165165653221_n.jpg\",\"articleSection\":[\"Uncategorized\"],\"inLanguage\":\"fr-FR\",\"potentialAction\":[{\"@type\":\"CommentAction\",\"name\":\"Comment\",\"target\":[\"https:\/\/cscestran.fr\/?p=8022#respond\"]}]},{\"@type\":\"WebPage\",\"@id\":\"https:\/\/cscestran.fr\/?p=8022\",\"url\":\"https:\/\/cscestran.fr\/?p=8022\",\"name\":\"[ JOURN\u00c9E DE L\u2019ENVIRONNEMENT ] - Centre Socio-Culturel Coeur de Ville\",\"isPartOf\":{\"@id\":\"https:\/\/cscestran.fr\/#website\"},\"primaryImageOfPage\":{\"@id\":\"https:\/\/cscestran.fr\/?p=8022#primaryimage\"},\"image\":{\"@id\":\"https:\/\/cscestran.fr\/?p=8022#primaryimage\"},\"thumbnailUrl\":\"https:\/\/cscestran.fr\/wp-content\/uploads\/2022\/10\/313216925_446535104331830_7150098165165653221_n.jpg\",\"datePublished\":\"2022-10-28T13:25:29+00:00\",\"dateModified\":\"2022-10-28T13:28:13+00:00\",\"breadcrumb\":{\"@id\":\"https:\/\/cscestran.fr\/?p=8022#breadcrumb\"},\"inLanguage\":\"fr-FR\",\"potentialAction\":[{\"@type\":\"ReadAction\",\"target\":[\"https:\/\/cscestran.fr\/?p=8022\"]}]},{\"@type\":\"ImageObject\",\"inLanguage\":\"fr-FR\",\"@id\":\"https:\/\/cscestran.fr\/?p=8022#primaryimage\",\"url\":\"https:\/\/cscestran.fr\/wp-content\/uploads\/2022\/10\/313216925_446535104331830_7150098165165653221_n.jpg\",\"contentUrl\":\"https:\/\/cscestran.fr\/wp-content\/uploads\/2022\/10\/313216925_446535104331830_7150098165165653221_n.jpg\",\"width\":2048,\"height\":1536},{\"@type\":\"BreadcrumbList\",\"@id\":\"https:\/\/cscestran.fr\/?p=8022#breadcrumb\",\"itemListElement\":[{\"@type\":\"ListItem\",\"position\":1,\"name\":\"Accueil\",\"item\":\"https:\/\/cscestran.fr\/\"},{\"@type\":\"ListItem\",\"position\":2,\"name\":\"[ JOURN\u00c9E DE L\u2019ENVIRONNEMENT ]\"}]},{\"@type\":\"WebSite\",\"@id\":\"https:\/\/cscestran.fr\/#website\",\"url\":\"https:\/\/cscestran.fr\/\",\"name\":\"Centre Socio-Culturel Coeur de Ville\",\"description\":\"\",\"publisher\":{\"@id\":\"https:\/\/cscestran.fr\/#organization\"},\"potentialAction\":[{\"@type\":\"SearchAction\",\"target\":{\"@type\":\"EntryPoint\",\"urlTemplate\":\"https:\/\/cscestran.fr\/?s={search_term_string}\"},\"query-input\":{\"@type\":\"PropertyValueSpecification\",\"valueRequired\":true,\"valueName\":\"search_term_string\"}}],\"inLanguage\":\"fr-FR\"},{\"@type\":\"Organization\",\"@id\":\"https:\/\/cscestran.fr\/#organization\",\"name\":\"Centre Socio-Culturel Coeur de Ville\",\"url\":\"https:\/\/cscestran.fr\/\",\"logo\":{\"@type\":\"ImageObject\",\"inLanguage\":\"fr-FR\",\"@id\":\"https:\/\/cscestran.fr\/#\/schema\/logo\/image\/\",\"url\":\"https:\/\/cscestran.fr\/wp-content\/uploads\/2024\/07\/cropped-logo.png\",\"contentUrl\":\"https:\/\/cscestran.fr\/wp-content\/uploads\/2024\/07\/cropped-logo.png\",\"width\":167,\"height\":167,\"caption\":\"Centre Socio-Culturel Coeur de Ville\"},\"image\":{\"@id\":\"https:\/\/cscestran.fr\/#\/schema\/logo\/image\/\"}},{\"@type\":\"Person\",\"@id\":\"https:\/\/cscestran.fr\/#\/schema\/person\/ffe9679d455144a2a947b0cacb08b52a\",\"name\":\"admin\",\"image\":{\"@type\":\"ImageObject\",\"inLanguage\":\"fr-FR\",\"@id\":\"https:\/\/cscestran.fr\/#\/schema\/person\/image\/\",\"url\":\"https:\/\/secure.gravatar.com\/avatar\/259e9308f79c7fb2cbcafae2c3b6b219f2563d7edf5313eadfd4f525281ed951?s=96&d=mm&r=g\",\"contentUrl\":\"https:\/\/secure.gravatar.com\/avatar\/259e9308f79c7fb2cbcafae2c3b6b219f2563d7edf5313eadfd4f525281ed951?s=96&d=mm&r=g\",\"caption\":\"admin\"},\"sameAs\":[\"https:\/\/cscestran.fr\"],\"url\":\"https:\/\/cscestran.fr\/?author=1\"}]}<\/script>\n<!-- \/ Yoast SEO plugin. -->","yoast_head_json":{"title":"[ JOURN\u00c9E DE L\u2019ENVIRONNEMENT ] - Centre Socio-Culturel Coeur de Ville","robots":{"index":"index","follow":"follow","max-snippet":"max-snippet:-1","max-image-preview":"max-image-preview:large","max-video-preview":"max-video-preview:-1"},"canonical":"https:\/\/cscestran.fr\/?p=8022","og_locale":"fr_FR","og_type":"article","og_title":"[ JOURN\u00c9E DE L\u2019ENVIRONNEMENT ] - Centre Socio-Culturel Coeur de Ville","og_description":"Les 4-6 ans, ont particip\u00e9 \u00e0 cette journ\u00e9e, en confectionnant ensemble, deux abreuvoirs \u00e0 oiseaux , qui seront plac\u00e9s au Centre Socioculturel L\u2019Estran et au P\u00e9riscolaire La Fabrique Verte","og_url":"https:\/\/cscestran.fr\/?p=8022","og_site_name":"Centre Socio-Culturel Coeur de Ville","article_published_time":"2022-10-28T13:25:29+00:00","article_modified_time":"2022-10-28T13:28:13+00:00","og_image":[{"width":2048,"height":1536,"url":"https:\/\/cscestran.fr\/wp-content\/uploads\/2022\/10\/313216925_446535104331830_7150098165165653221_n.jpg","type":"image\/jpeg"}],"author":"admin","twitter_card":"summary_large_image","twitter_misc":{"\u00c9crit par":"admin","Dur\u00e9e de lecture estim\u00e9e":"2 minutes"},"schema":{"@context":"https:\/\/schema.org","@graph":[{"@type":"Article","@id":"https:\/\/cscestran.fr\/?p=8022#article","isPartOf":{"@id":"https:\/\/cscestran.fr\/?p=8022"},"author":{"name":"admin","@id":"https:\/\/cscestran.fr\/#\/schema\/person\/ffe9679d455144a2a947b0cacb08b52a"},"headline":"[ JOURN\u00c9E DE L\u2019ENVIRONNEMENT ]","datePublished":"2022-10-28T13:25:29+00:00","dateModified":"2022-10-28T13:28:13+00:00","mainEntityOfPage":{"@id":"https:\/\/cscestran.fr\/?p=8022"},"wordCount":35,"commentCount":0,"publisher":{"@id":"https:\/\/cscestran.fr\/#organization"},"image":{"@id":"https:\/\/cscestran.fr\/?p=8022#primaryimage"},"thumbnailUrl":"https:\/\/cscestran.fr\/wp-content\/uploads\/2022\/10\/313216925_446535104331830_7150098165165653221_n.jpg","articleSection":["Uncategorized"],"inLanguage":"fr-FR","potentialAction":[{"@type":"CommentAction","name":"Comment","target":["https:\/\/cscestran.fr\/?p=8022#respond"]}]},{"@type":"WebPage","@id":"https:\/\/cscestran.fr\/?p=8022","url":"https:\/\/cscestran.fr\/?p=8022","name":"[ JOURN\u00c9E DE L\u2019ENVIRONNEMENT ] - Centre Socio-Culturel Coeur de Ville","isPartOf":{"@id":"https:\/\/cscestran.fr\/#website"},"primaryImageOfPage":{"@id":"https:\/\/cscestran.fr\/?p=8022#primaryimage"},"image":{"@id":"https:\/\/cscestran.fr\/?p=8022#primaryimage"},"thumbnailUrl":"https:\/\/cscestran.fr\/wp-content\/uploads\/2022\/10\/313216925_446535104331830_7150098165165653221_n.jpg","datePublished":"2022-10-28T13:25:29+00:00","dateModified":"2022-10-28T13:28:13+00:00","breadcrumb":{"@id":"https:\/\/cscestran.fr\/?p=8022#breadcrumb"},"inLanguage":"fr-FR","potentialAction":[{"@type":"ReadAction","target":["https:\/\/cscestran.fr\/?p=8022"]}]},{"@type":"ImageObject","inLanguage":"fr-FR","@id":"https:\/\/cscestran.fr\/?p=8022#primaryimage","url":"https:\/\/cscestran.fr\/wp-content\/uploads\/2022\/10\/313216925_446535104331830_7150098165165653221_n.jpg","contentUrl":"https:\/\/cscestran.fr\/wp-content\/uploads\/2022\/10\/313216925_446535104331830_7150098165165653221_n.jpg","width":2048,"height":1536},{"@type":"BreadcrumbList","@id":"https:\/\/cscestran.fr\/?p=8022#breadcrumb","itemListElement":[{"@type":"ListItem","position":1,"name":"Accueil","item":"https:\/\/cscestran.fr\/"},{"@type":"ListItem","position":2,"name":"[ JOURN\u00c9E DE L\u2019ENVIRONNEMENT ]"}]},{"@type":"WebSite","@id":"https:\/\/cscestran.fr\/#website","url":"https:\/\/cscestran.fr\/","name":"Centre Socio-Culturel Coeur de Ville","description":"","publisher":{"@id":"https:\/\/cscestran.fr\/#organization"},"potentialAction":[{"@type":"SearchAction","target":{"@type":"EntryPoint","urlTemplate":"https:\/\/cscestran.fr\/?s={search_term_string}"},"query-input":{"@type":"PropertyValueSpecification","valueRequired":true,"valueName":"search_term_string"}}],"inLanguage":"fr-FR"},{"@type":"Organization","@id":"https:\/\/cscestran.fr\/#organization","name":"Centre Socio-Culturel Coeur de Ville","url":"https:\/\/cscestran.fr\/","logo":{"@type":"ImageObject","inLanguage":"fr-FR","@id":"https:\/\/cscestran.fr\/#\/schema\/logo\/image\/","url":"https:\/\/cscestran.fr\/wp-content\/uploads\/2024\/07\/cropped-logo.png","contentUrl":"https:\/\/cscestran.fr\/wp-content\/uploads\/2024\/07\/cropped-logo.png","width":167,"height":167,"caption":"Centre Socio-Culturel Coeur de Ville"},"image":{"@id":"https:\/\/cscestran.fr\/#\/schema\/logo\/image\/"}},{"@type":"Person","@id":"https:\/\/cscestran.fr\/#\/schema\/person\/ffe9679d455144a2a947b0cacb08b52a","name":"admin","image":{"@type":"ImageObject","inLanguage":"fr-FR","@id":"https:\/\/cscestran.fr\/#\/schema\/person\/image\/","url":"https:\/\/secure.gravatar.com\/avatar\/259e9308f79c7fb2cbcafae2c3b6b219f2563d7edf5313eadfd4f525281ed951?s=96&d=mm&r=g","contentUrl":"https:\/\/secure.gravatar.com\/avatar\/259e9308f79c7fb2cbcafae2c3b6b219f2563d7edf5313eadfd4f525281ed951?s=96&d=mm&r=g","caption":"admin"},"sameAs":["https:\/\/cscestran.fr"],"url":"https:\/\/cscestran.fr\/?author=1"}]}},"jetpack_publicize_connections":[],"jetpack_featured_media_url":"https:\/\/cscestran.fr\/wp-content\/uploads\/2022\/10\/313216925_446535104331830_7150098165165653221_n.jpg","jetpack_likes_enabled":true,"jetpack_sharing_enabled":true,"_links":{"self":[{"href":"https:\/\/cscestran.fr\/index.php?rest_route=\/wp\/v2\/posts\/8022","targetHints":{"allow":["GET"]}}],"collection":[{"href":"https:\/\/cscestran.fr\/index.php?rest_route=\/wp\/v2\/posts"}],"about":[{"href":"https:\/\/cscestran.fr\/index.php?rest_route=\/wp\/v2\/types\/post"}],"author":[{"embeddable":true,"href":"https:\/\/cscestran.fr\/index.php?rest_route=\/wp\/v2\/users\/1"}],"replies":[{"embeddable":true,"href":"https:\/\/cscestran.fr\/index.php?rest_route=%2Fwp%2Fv2%2Fcomments&post=8022"}],"version-history":[{"count":1,"href":"https:\/\/cscestran.fr\/index.php?rest_route=\/wp\/v2\/posts\/8022\/revisions"}],"predecessor-version":[{"id":8028,"href":"https:\/\/cscestran.fr\/index.php?rest_route=\/wp\/v2\/posts\/8022\/revisions\/8028"}],"wp:featuredmedia":[{"embeddable":true,"href":"https:\/\/cscestran.fr\/index.php?rest_route=\/wp\/v2\/media\/8024"}],"wp:attachment":[{"href":"https:\/\/cscestran.fr\/index.php?rest_route=%2Fwp%2Fv2%2Fmedia&parent=8022"}],"wp:term":[{"taxonomy":"category","embeddable":true,"href":"https:\/\/cscestran.fr\/index.php?rest_route=%2Fwp%2Fv2%2Fcategories&post=8022"},{"taxonomy":"post_tag","embeddable":true,"href":"https:\/\/cscestran.fr\/index.php?rest_route=%2Fwp%2Fv2%2Ftags&post=8022"}],"curies":[{"name":"wp","href":"https:\/\/api.w.org\/{rel}","templated":true}]}}