{"id":8042,"date":"2022-11-21T10:35:24","date_gmt":"2022-11-21T10:35:24","guid":{"rendered":"https:\/\/cscestran.fr\/?p=8042"},"modified":"2022-11-21T10:39:29","modified_gmt":"2022-11-21T10:39:29","slug":"photos-affinity","status":"publish","type":"post","link":"https:\/\/cscestran.fr\/?p=8042","title":{"rendered":"Photos Affinity"},"content":{"rendered":"\n<p>Vous aimez prendre des photos et avez envie de les retoucher? L&rsquo;atelier Photos vous donne rendez-vous tous les 1er jeudi de chaque mois de 16h00 \u00e0 17h30 pour apprendre \u00e0 mieux vous servir du logiciel Photos Affinity.<\/p>\n","protected":false},"excerpt":{"rendered":"<p>Vous aimez prendre des photos et avez envie de les retoucher? L&rsquo;atelier Photos vous donne rendez-vous tous les 1er jeudi de chaque mois de 16h00 \u00e0 17h30 pour apprendre \u00e0 mieux vous servir du logiciel Photos Affinity.<\/p>\n","protected":false},"author":1,"featured_media":8043,"comment_status":"open","ping_status":"open","sticky":false,"template":"","format":"standard","meta":{"_jetpack_memberships_contains_paid_content":false,"footnotes":"","jetpack_publicize_message":"","jetpack_publicize_feature_enabled":true,"jetpack_social_post_already_shared":true,"jetpack_social_options":{"image_generator_settings":{"template":"highway","default_image_id":0,"font":"","enabled":false},"version":2}},"categories":[1],"tags":[],"class_list":["post-8042","post","type-post","status-publish","format-standard","has-post-thumbnail","hentry","category-uncategorized"],"yoast_head":"<!-- This site is optimized with the Yoast SEO plugin v24.9 - https:\/\/yoast.com\/wordpress\/plugins\/seo\/ -->\n<title>Photos Affinity - Centre Socio-Culturel Coeur de Ville<\/title>\n<meta name=\"robots\" content=\"index, follow, max-snippet:-1, max-image-preview:large, max-video-preview:-1\" \/>\n<link rel=\"canonical\" href=\"https:\/\/cscestran.fr\/?p=8042\" \/>\n<meta property=\"og:locale\" content=\"fr_FR\" \/>\n<meta property=\"og:type\" content=\"article\" \/>\n<meta property=\"og:title\" content=\"Photos Affinity - Centre Socio-Culturel Coeur de Ville\" \/>\n<meta property=\"og:description\" content=\"Vous aimez prendre des photos et avez envie de les retoucher? L&rsquo;atelier Photos vous donne rendez-vous tous les 1er jeudi de chaque mois de 16h00 \u00e0 17h30 pour apprendre \u00e0 mieux vous servir du logiciel Photos Affinity.\" \/>\n<meta property=\"og:url\" content=\"https:\/\/cscestran.fr\/?p=8042\" \/>\n<meta property=\"og:site_name\" content=\"Centre Socio-Culturel Coeur de Ville\" \/>\n<meta property=\"article:published_time\" content=\"2022-11-21T10:35:24+00:00\" \/>\n<meta property=\"article:modified_time\" content=\"2022-11-21T10:39:29+00:00\" \/>\n<meta property=\"og:image\" content=\"https:\/\/cscestran.fr\/wp-content\/uploads\/2022\/11\/2.png\" \/>\n\t<meta property=\"og:image:width\" content=\"1587\" \/>\n\t<meta property=\"og:image:height\" content=\"2245\" \/>\n\t<meta property=\"og:image:type\" content=\"image\/png\" \/>\n<meta name=\"author\" content=\"admin\" \/>\n<meta name=\"twitter:card\" content=\"summary_large_image\" \/>\n<meta name=\"twitter:label1\" content=\"\u00c9crit par\" \/>\n\t<meta name=\"twitter:data1\" content=\"admin\" \/>\n\t<meta name=\"twitter:label2\" content=\"Dur\u00e9e de lecture estim\u00e9e\" \/>\n\t<meta name=\"twitter:data2\" content=\"1 minute\" \/>\n<script type=\"application\/ld+json\" class=\"yoast-schema-graph\">{\"@context\":\"https:\/\/schema.org\",\"@graph\":[{\"@type\":\"Article\",\"@id\":\"https:\/\/cscestran.fr\/?p=8042#article\",\"isPartOf\":{\"@id\":\"https:\/\/cscestran.fr\/?p=8042\"},\"author\":{\"name\":\"admin\",\"@id\":\"https:\/\/cscestran.fr\/#\/schema\/person\/ffe9679d455144a2a947b0cacb08b52a\"},\"headline\":\"Photos Affinity\",\"datePublished\":\"2022-11-21T10:35:24+00:00\",\"dateModified\":\"2022-11-21T10:39:29+00:00\",\"mainEntityOfPage\":{\"@id\":\"https:\/\/cscestran.fr\/?p=8042\"},\"wordCount\":37,\"commentCount\":0,\"publisher\":{\"@id\":\"https:\/\/cscestran.fr\/#organization\"},\"image\":{\"@id\":\"https:\/\/cscestran.fr\/?p=8042#primaryimage\"},\"thumbnailUrl\":\"https:\/\/cscestran.fr\/wp-content\/uploads\/2022\/11\/2.png\",\"articleSection\":[\"Uncategorized\"],\"inLanguage\":\"fr-FR\",\"potentialAction\":[{\"@type\":\"CommentAction\",\"name\":\"Comment\",\"target\":[\"https:\/\/cscestran.fr\/?p=8042#respond\"]}]},{\"@type\":\"WebPage\",\"@id\":\"https:\/\/cscestran.fr\/?p=8042\",\"url\":\"https:\/\/cscestran.fr\/?p=8042\",\"name\":\"Photos Affinity - Centre Socio-Culturel Coeur de Ville\",\"isPartOf\":{\"@id\":\"https:\/\/cscestran.fr\/#website\"},\"primaryImageOfPage\":{\"@id\":\"https:\/\/cscestran.fr\/?p=8042#primaryimage\"},\"image\":{\"@id\":\"https:\/\/cscestran.fr\/?p=8042#primaryimage\"},\"thumbnailUrl\":\"https:\/\/cscestran.fr\/wp-content\/uploads\/2022\/11\/2.png\",\"datePublished\":\"2022-11-21T10:35:24+00:00\",\"dateModified\":\"2022-11-21T10:39:29+00:00\",\"breadcrumb\":{\"@id\":\"https:\/\/cscestran.fr\/?p=8042#breadcrumb\"},\"inLanguage\":\"fr-FR\",\"potentialAction\":[{\"@type\":\"ReadAction\",\"target\":[\"https:\/\/cscestran.fr\/?p=8042\"]}]},{\"@type\":\"ImageObject\",\"inLanguage\":\"fr-FR\",\"@id\":\"https:\/\/cscestran.fr\/?p=8042#primaryimage\",\"url\":\"https:\/\/cscestran.fr\/wp-content\/uploads\/2022\/11\/2.png\",\"contentUrl\":\"https:\/\/cscestran.fr\/wp-content\/uploads\/2022\/11\/2.png\",\"width\":1587,\"height\":2245},{\"@type\":\"BreadcrumbList\",\"@id\":\"https:\/\/cscestran.fr\/?p=8042#breadcrumb\",\"itemListElement\":[{\"@type\":\"ListItem\",\"position\":1,\"name\":\"Accueil\",\"item\":\"https:\/\/cscestran.fr\/\"},{\"@type\":\"ListItem\",\"position\":2,\"name\":\"Photos Affinity\"}]},{\"@type\":\"WebSite\",\"@id\":\"https:\/\/cscestran.fr\/#website\",\"url\":\"https:\/\/cscestran.fr\/\",\"name\":\"Centre Socio-Culturel Coeur de Ville\",\"description\":\"\",\"publisher\":{\"@id\":\"https:\/\/cscestran.fr\/#organization\"},\"potentialAction\":[{\"@type\":\"SearchAction\",\"target\":{\"@type\":\"EntryPoint\",\"urlTemplate\":\"https:\/\/cscestran.fr\/?s={search_term_string}\"},\"query-input\":{\"@type\":\"PropertyValueSpecification\",\"valueRequired\":true,\"valueName\":\"search_term_string\"}}],\"inLanguage\":\"fr-FR\"},{\"@type\":\"Organization\",\"@id\":\"https:\/\/cscestran.fr\/#organization\",\"name\":\"Centre Socio-Culturel Coeur de Ville\",\"url\":\"https:\/\/cscestran.fr\/\",\"logo\":{\"@type\":\"ImageObject\",\"inLanguage\":\"fr-FR\",\"@id\":\"https:\/\/cscestran.fr\/#\/schema\/logo\/image\/\",\"url\":\"https:\/\/cscestran.fr\/wp-content\/uploads\/2024\/07\/cropped-logo.png\",\"contentUrl\":\"https:\/\/cscestran.fr\/wp-content\/uploads\/2024\/07\/cropped-logo.png\",\"width\":167,\"height\":167,\"caption\":\"Centre Socio-Culturel Coeur de Ville\"},\"image\":{\"@id\":\"https:\/\/cscestran.fr\/#\/schema\/logo\/image\/\"}},{\"@type\":\"Person\",\"@id\":\"https:\/\/cscestran.fr\/#\/schema\/person\/ffe9679d455144a2a947b0cacb08b52a\",\"name\":\"admin\",\"image\":{\"@type\":\"ImageObject\",\"inLanguage\":\"fr-FR\",\"@id\":\"https:\/\/cscestran.fr\/#\/schema\/person\/image\/\",\"url\":\"https:\/\/secure.gravatar.com\/avatar\/259e9308f79c7fb2cbcafae2c3b6b219f2563d7edf5313eadfd4f525281ed951?s=96&d=mm&r=g\",\"contentUrl\":\"https:\/\/secure.gravatar.com\/avatar\/259e9308f79c7fb2cbcafae2c3b6b219f2563d7edf5313eadfd4f525281ed951?s=96&d=mm&r=g\",\"caption\":\"admin\"},\"sameAs\":[\"https:\/\/cscestran.fr\"],\"url\":\"https:\/\/cscestran.fr\/?author=1\"}]}<\/script>\n<!-- \/ Yoast SEO plugin. -->","yoast_head_json":{"title":"Photos Affinity - Centre Socio-Culturel Coeur de Ville","robots":{"index":"index","follow":"follow","max-snippet":"max-snippet:-1","max-image-preview":"max-image-preview:large","max-video-preview":"max-video-preview:-1"},"canonical":"https:\/\/cscestran.fr\/?p=8042","og_locale":"fr_FR","og_type":"article","og_title":"Photos Affinity - Centre Socio-Culturel Coeur de Ville","og_description":"Vous aimez prendre des photos et avez envie de les retoucher? L&rsquo;atelier Photos vous donne rendez-vous tous les 1er jeudi de chaque mois de 16h00 \u00e0 17h30 pour apprendre \u00e0 mieux vous servir du logiciel Photos Affinity.","og_url":"https:\/\/cscestran.fr\/?p=8042","og_site_name":"Centre Socio-Culturel Coeur de Ville","article_published_time":"2022-11-21T10:35:24+00:00","article_modified_time":"2022-11-21T10:39:29+00:00","og_image":[{"width":1587,"height":2245,"url":"https:\/\/cscestran.fr\/wp-content\/uploads\/2022\/11\/2.png","type":"image\/png"}],"author":"admin","twitter_card":"summary_large_image","twitter_misc":{"\u00c9crit par":"admin","Dur\u00e9e de lecture estim\u00e9e":"1 minute"},"schema":{"@context":"https:\/\/schema.org","@graph":[{"@type":"Article","@id":"https:\/\/cscestran.fr\/?p=8042#article","isPartOf":{"@id":"https:\/\/cscestran.fr\/?p=8042"},"author":{"name":"admin","@id":"https:\/\/cscestran.fr\/#\/schema\/person\/ffe9679d455144a2a947b0cacb08b52a"},"headline":"Photos Affinity","datePublished":"2022-11-21T10:35:24+00:00","dateModified":"2022-11-21T10:39:29+00:00","mainEntityOfPage":{"@id":"https:\/\/cscestran.fr\/?p=8042"},"wordCount":37,"commentCount":0,"publisher":{"@id":"https:\/\/cscestran.fr\/#organization"},"image":{"@id":"https:\/\/cscestran.fr\/?p=8042#primaryimage"},"thumbnailUrl":"https:\/\/cscestran.fr\/wp-content\/uploads\/2022\/11\/2.png","articleSection":["Uncategorized"],"inLanguage":"fr-FR","potentialAction":[{"@type":"CommentAction","name":"Comment","target":["https:\/\/cscestran.fr\/?p=8042#respond"]}]},{"@type":"WebPage","@id":"https:\/\/cscestran.fr\/?p=8042","url":"https:\/\/cscestran.fr\/?p=8042","name":"Photos Affinity - Centre Socio-Culturel Coeur de Ville","isPartOf":{"@id":"https:\/\/cscestran.fr\/#website"},"primaryImageOfPage":{"@id":"https:\/\/cscestran.fr\/?p=8042#primaryimage"},"image":{"@id":"https:\/\/cscestran.fr\/?p=8042#primaryimage"},"thumbnailUrl":"https:\/\/cscestran.fr\/wp-content\/uploads\/2022\/11\/2.png","datePublished":"2022-11-21T10:35:24+00:00","dateModified":"2022-11-21T10:39:29+00:00","breadcrumb":{"@id":"https:\/\/cscestran.fr\/?p=8042#breadcrumb"},"inLanguage":"fr-FR","potentialAction":[{"@type":"ReadAction","target":["https:\/\/cscestran.fr\/?p=8042"]}]},{"@type":"ImageObject","inLanguage":"fr-FR","@id":"https:\/\/cscestran.fr\/?p=8042#primaryimage","url":"https:\/\/cscestran.fr\/wp-content\/uploads\/2022\/11\/2.png","contentUrl":"https:\/\/cscestran.fr\/wp-content\/uploads\/2022\/11\/2.png","width":1587,"height":2245},{"@type":"BreadcrumbList","@id":"https:\/\/cscestran.fr\/?p=8042#breadcrumb","itemListElement":[{"@type":"ListItem","position":1,"name":"Accueil","item":"https:\/\/cscestran.fr\/"},{"@type":"ListItem","position":2,"name":"Photos Affinity"}]},{"@type":"WebSite","@id":"https:\/\/cscestran.fr\/#website","url":"https:\/\/cscestran.fr\/","name":"Centre Socio-Culturel Coeur de Ville","description":"","publisher":{"@id":"https:\/\/cscestran.fr\/#organization"},"potentialAction":[{"@type":"SearchAction","target":{"@type":"EntryPoint","urlTemplate":"https:\/\/cscestran.fr\/?s={search_term_string}"},"query-input":{"@type":"PropertyValueSpecification","valueRequired":true,"valueName":"search_term_string"}}],"inLanguage":"fr-FR"},{"@type":"Organization","@id":"https:\/\/cscestran.fr\/#organization","name":"Centre Socio-Culturel Coeur de Ville","url":"https:\/\/cscestran.fr\/","logo":{"@type":"ImageObject","inLanguage":"fr-FR","@id":"https:\/\/cscestran.fr\/#\/schema\/logo\/image\/","url":"https:\/\/cscestran.fr\/wp-content\/uploads\/2024\/07\/cropped-logo.png","contentUrl":"https:\/\/cscestran.fr\/wp-content\/uploads\/2024\/07\/cropped-logo.png","width":167,"height":167,"caption":"Centre Socio-Culturel Coeur de Ville"},"image":{"@id":"https:\/\/cscestran.fr\/#\/schema\/logo\/image\/"}},{"@type":"Person","@id":"https:\/\/cscestran.fr\/#\/schema\/person\/ffe9679d455144a2a947b0cacb08b52a","name":"admin","image":{"@type":"ImageObject","inLanguage":"fr-FR","@id":"https:\/\/cscestran.fr\/#\/schema\/person\/image\/","url":"https:\/\/secure.gravatar.com\/avatar\/259e9308f79c7fb2cbcafae2c3b6b219f2563d7edf5313eadfd4f525281ed951?s=96&d=mm&r=g","contentUrl":"https:\/\/secure.gravatar.com\/avatar\/259e9308f79c7fb2cbcafae2c3b6b219f2563d7edf5313eadfd4f525281ed951?s=96&d=mm&r=g","caption":"admin"},"sameAs":["https:\/\/cscestran.fr"],"url":"https:\/\/cscestran.fr\/?author=1"}]}},"jetpack_publicize_connections":[],"jetpack_featured_media_url":"https:\/\/cscestran.fr\/wp-content\/uploads\/2022\/11\/2.png","jetpack_likes_enabled":true,"jetpack_sharing_enabled":true,"_links":{"self":[{"href":"https:\/\/cscestran.fr\/index.php?rest_route=\/wp\/v2\/posts\/8042","targetHints":{"allow":["GET"]}}],"collection":[{"href":"https:\/\/cscestran.fr\/index.php?rest_route=\/wp\/v2\/posts"}],"about":[{"href":"https:\/\/cscestran.fr\/index.php?rest_route=\/wp\/v2\/types\/post"}],"author":[{"embeddable":true,"href":"https:\/\/cscestran.fr\/index.php?rest_route=\/wp\/v2\/users\/1"}],"replies":[{"embeddable":true,"href":"https:\/\/cscestran.fr\/index.php?rest_route=%2Fwp%2Fv2%2Fcomments&post=8042"}],"version-history":[{"count":2,"href":"https:\/\/cscestran.fr\/index.php?rest_route=\/wp\/v2\/posts\/8042\/revisions"}],"predecessor-version":[{"id":8046,"href":"https:\/\/cscestran.fr\/index.php?rest_route=\/wp\/v2\/posts\/8042\/revisions\/8046"}],"wp:featuredmedia":[{"embeddable":true,"href":"https:\/\/cscestran.fr\/index.php?rest_route=\/wp\/v2\/media\/8043"}],"wp:attachment":[{"href":"https:\/\/cscestran.fr\/index.php?rest_route=%2Fwp%2Fv2%2Fmedia&parent=8042"}],"wp:term":[{"taxonomy":"category","embeddable":true,"href":"https:\/\/cscestran.fr\/index.php?rest_route=%2Fwp%2Fv2%2Fcategories&post=8042"},{"taxonomy":"post_tag","embeddable":true,"href":"https:\/\/cscestran.fr\/index.php?rest_route=%2Fwp%2Fv2%2Ftags&post=8042"}],"curies":[{"name":"wp","href":"https:\/\/api.w.org\/{rel}","templated":true}]}}