{"id":8079,"date":"2023-05-22T09:35:05","date_gmt":"2023-05-22T09:35:05","guid":{"rendered":"https:\/\/cscestran.fr\/?p=8079"},"modified":"2023-05-22T09:35:07","modified_gmt":"2023-05-22T09:35:07","slug":"%f0%9d%97%97%f0%9d%97%a8%f0%9d%97%96%f0%9d%97%94%f0%9d%97%a6%f0%9d%97%a6%f0%9d%97%98-%f0%9d%97%94-%f0%9d%97%a3%f0%9d%97%a2%f0%9d%97%a8%f0%9d%97%a6%f0%9d%97%a6%f0%9d%97%9c%f0%9d%97%98","status":"publish","type":"post","link":"https:\/\/cscestran.fr\/?p=8079","title":{"rendered":"[ \ud835\uddd7\ud835\udde8\ud835\uddd6\ud835\uddd4\ud835\udde6\ud835\udde6\ud835\uddd8 \ud835\uddd4\u0300 \ud835\udde3\ud835\udde2\ud835\udde8\ud835\udde6\ud835\udde6\ud835\udddc\ud835\uddd8\u0300\ud835\udde5\ud835\uddd8\ud835\udde6 \ud835\udfee\ud835\udfec\ud835\udfee\ud835\udfef ]"},"content":{"rendered":"\n<p>\ud835\ude16\ud835\ude2f \ud835\ude34&rsquo;\ud835\ude26\u0301\ud835\ude35\ud835\ude22\ud835\ude2a\ud835\ude35 \ud835\ude25\ud835\ude2a\ud835\ude35 \ud835\ude33\ud835\ude26\ud835\ude2f\ud835\ude25\ud835\ude26\ud835\ude3b-\ud835\ude37\ud835\ude30\ud835\ude36\ud835\ude34 \ud835\ude25\ud835\ude22\ud835\ude2f\ud835\ude34 \ud835\ude36\ud835\ude2f \ud835\ude22\ud835\ude2f &#8230; ! \ud835\ude13\ud835\ude26 \ud835\ude33\ud835\ude26\ud835\ude2f\ud835\ude25\ud835\ude26\ud835\ude3b-\ud835\ude37\ud835\ude30\ud835\ude36\ud835\ude34 \ud835\ude26\ud835\ude34\ud835\ude35 \ud835\ude27\ud835\ude2a\ud835\ude39\ud835\ude26\u0301 !&nbsp;<img loading=\"lazy\" decoding=\"async\" height=\"16\" width=\"16\" alt=\"\ud83e\udd29\" src=\"https:\/\/static.xx.fbcdn.net\/images\/emoji.php\/v9\/tf7\/2\/16\/1f929.png\"><\/p>\n\n\n\n<p><img loading=\"lazy\" decoding=\"async\" height=\"16\" width=\"16\" alt=\"\ud83d\udc49\" src=\"https:\/\/static.xx.fbcdn.net\/images\/emoji.php\/v9\/tf0\/2\/16\/1f449.png\">La Ducasse \u00c0 Poussi\u00e8res version 2023 sera de retour le \ud835\uddd7\ud835\udddc\ud835\udde0\ud835\uddd4\ud835\udde1\ud835\uddd6\ud835\udddb\ud835\uddd8 \ud835\udfee\ud835\udff1 \ud835\udddd\ud835\udde8\ud835\udddc\ud835\udde1 \ud835\udfee\ud835\udfec\ud835\udfee\ud835\udfef !&nbsp;<img loading=\"lazy\" decoding=\"async\" height=\"16\" width=\"16\" alt=\"\ud83d\udcc5\" src=\"https:\/\/static.xx.fbcdn.net\/images\/emoji.php\/v9\/t1d\/2\/16\/1f4c5.png\"><\/p>\n\n\n\n<p>Depuis Janvier, les b\u00e9n\u00e9voles et l&rsquo;\u00e9quipe du Centre Socioculturel travaillent sur cet \u00e9v\u00e9nement, pour que cette journ\u00e9e soit aussi belle que celle de l&rsquo;ann\u00e9e derni\u00e8re !<img loading=\"lazy\" decoding=\"async\" height=\"16\" width=\"16\" alt=\"\ud83d\ude0e\" src=\"https:\/\/static.xx.fbcdn.net\/images\/emoji.php\/v9\/t22\/2\/16\/1f60e.png\"><\/p>\n\n\n\n<p><img loading=\"lazy\" decoding=\"async\" height=\"16\" width=\"16\" alt=\"\ud83d\udc49\" src=\"https:\/\/static.xx.fbcdn.net\/images\/emoji.php\/v9\/tf0\/2\/16\/1f449.png\">&nbsp;\ud835\udde3\ud835\uddff\ud835\uddfc\ud835\uddf4\ud835\uddff\ud835\uddee\ud835\uddfa\ud835\uddfa\ud835\uddf2 \ud835\uddf1\ud835\uddf2 \ud835\uddf9\ud835\uddee \ud835\uddf7\ud835\uddfc\ud835\ude02\ud835\uddff\ud835\uddfb\ud835\uddf2\u0301\ud835\uddf2 \ud835\uddee\u0300 \ud835\uddff\ud835\uddf2\ud835\ude01\ud835\uddff\ud835\uddfc\ud835\ude02\ud835\ude03\ud835\uddf2\ud835\uddff \ud835\ude01\ud835\uddff\ud835\uddf2\u0300\ud835\ude00 \ud835\uddfd\ud835\uddff\ud835\uddfc\ud835\uddf0\ud835\uddf5\ud835\uddee\ud835\uddf6\ud835\uddfb\ud835\uddf2\ud835\uddfa\ud835\uddf2\ud835\uddfb\ud835\ude01 !<img loading=\"lazy\" decoding=\"async\" height=\"16\" width=\"16\" alt=\"\ud83d\udc48\" src=\"https:\/\/static.xx.fbcdn.net\/images\/emoji.php\/v9\/t6f\/2\/16\/1f448.png\"><\/p>\n\n\n\n<p>\ud835\udd3c\ud835\udd5f \ud835\udd52\ud835\udd65\ud835\udd65\ud835\udd56\ud835\udd5f\ud835\udd55\ud835\udd52\ud835\udd5f\ud835\udd65, \ud835\udd63\ud835\udd52\ud835\udd61\ud835\udd61\ud835\udd56\ud835\udd5d\ud835\udd60\ud835\udd5f\ud835\udd64-\ud835\udd5f\ud835\udd60\ud835\udd66\ud835\udd64 \ud835\udd62\ud835\udd66\ud835\udd56\ud835\udd5d\ud835\udd62\ud835\udd66\ud835\udd56\ud835\udd64 \ud835\udd54\ud835\udd59\ud835\udd5a\ud835\udd57\ud835\udd57\ud835\udd63\ud835\udd56\ud835\udd64 \ud835\udd55\ud835\udd56 \ud835\udd5d&rsquo;\ud835\udd52\ud835\udd5f\ud835\udd5f\ud835\udd56\u0301\ud835\udd56 \ud835\udd55\ud835\udd56\ud835\udd63\ud835\udd5f\ud835\udd5a\ud835\udd56\u0300\ud835\udd63\ud835\udd56 :<\/p>\n\n\n\n<p>\ud835\udfd4 \ud835\udc26\ud835\udc28\ud835\udc22\ud835\udc2c de pr\u00e9paration , \ud835\udfd4\ud835\udfce \ud835\udc29\ud835\udc1e\ud835\udc2b\ud835\udc2c\ud835\udc28\ud835\udc27\ud835\udc27\ud835\udc1e\ud835\udc2c mobilis\u00e9es, \ud835\udfd2\ud835\udfd3\ud835\udfce \ud835\udc25\ud835\udc28\ud835\udc2d\ud835\udc2c r\u00e9colt\u00e9s, \ud835\udfcf\ud835\udfd0 \ud835\udc23\ud835\udc1e\ud835\udc2e\ud835\udc31 propos\u00e9s , \ud835\udfcf\ud835\udfce \ud835\udc29\ud835\udc2b\ud835\udc1e\ud835\udc2c\ud835\udc2d\ud835\udc1a\ud835\udc2d\ud835\udc1a\ud835\udc22\ud835\udc2b\ud835\udc1e\ud835\udc2c, \ud835\udfd0\ud835\udfd0 \ud835\udc1a\ud835\udc2c\ud835\udc2c\ud835\udc28\ud835\udc1c\ud835\udc22\ud835\udc1a\ud835\udc2d\ud835\udc22\ud835\udc28\ud835\udc27\ud835\udc2c \ud835\udc1e\ud835\udc2d \ud835\udc1c\ud835\udc28\ud835\udc26\ud835\udc26\ud835\udc1e\ud835\udc2b\ud835\udc1c\u0327\ud835\udc1a\ud835\udc27\ud835\udc2d\ud835\udc2c \ud835\udc29\ud835\udc1a\ud835\udc2b\ud835\udc2d\ud835\udc1e\ud835\udc27\ud835\udc1a\ud835\udc22\ud835\udc2b\ud835\udc1e\ud835\udc2c, \ud835\udfd6 \ud835\udc21\ud835\udc1e\ud835\udc2e\ud835\udc2b\ud835\udc1e\ud835\udc2c d\u2019animations, \ud835\udfd7\ud835\udfce\ud835\udfce \ud835\udc2d\ud835\udc28\ud835\udc2e\ud835\udc2b\ud835\udc2c de Roue du Bonheur, \ud835\udfd0\ud835\udfd6\ud835\udfce \ud835\udc0f\ud835\udc1a\ud835\udc2c\ud835\udc2c \ud835\udc0a\ud835\udc1e\ud835\udc2b\ud835\udc26\ud835\udc1e\ud835\udc2c\ud835\udc2c\ud835\udc1e et quelques \ud835\udc26\ud835\udc22\ud835\udc25\ud835\udc25\ud835\udc22\ud835\udc1e\ud835\udc2b\ud835\udc2c \ud835\udc1d\ud835\udc1e \ud835\udc1c\ud835\udc1a\ud835\udc27\ud835\udc1a\ud835\udc2b\ud835\udc1d\ud835\udc2c \ud835\udc29\ud835\udc1e\u0302\ud835\udc1c\ud835\udc21\ud835\udc1e\u0301\ud835\udc2c \ud835\udc1e\ud835\udc2d \ud835\udc2b\ud835\udc1e\ud835\udc29\ud835\udc1e\u0302\ud835\udc1c\ud835\udc21\ud835\udc1e\u0301\ud835\udc2c\u2026<\/p>\n","protected":false},"excerpt":{"rendered":"<p>\ud835\ude16\ud835\ude2f \ud835\ude34&rsquo;\ud835\ude26\u0301\ud835\ude35\ud835\ude22\ud835\ude2a\ud835\ude35 \ud835\ude25\ud835\ude2a\ud835\ude35 \ud835\ude33\ud835\ude26\ud835\ude2f\ud835\ude25\ud835\ude26\ud835\ude3b-\ud835\ude37\ud835\ude30\ud835\ude36\ud835\ude34 \ud835\ude25\ud835\ude22\ud835\ude2f\ud835\ude34 \ud835\ude36\ud835\ude2f \ud835\ude22\ud835\ude2f &#8230; ! \ud835\ude13\ud835\ude26 \ud835\ude33\ud835\ude26\ud835\ude2f\ud835\ude25\ud835\ude26\ud835\ude3b-\ud835\ude37\ud835\ude30\ud835\ude36\ud835\ude34 \ud835\ude26\ud835\ude34\ud835\ude35 \ud835\ude27\ud835\ude2a\ud835\ude39\ud835\ude26\u0301 !&nbsp; La Ducasse \u00c0 Poussi\u00e8res version 2023 sera de retour le \ud835\uddd7\ud835\udddc\ud835\udde0\ud835\uddd4\ud835\udde1\ud835\uddd6\ud835\udddb\ud835\uddd8 \ud835\udfee\ud835\udff1 \ud835\udddd\ud835\udde8\ud835\udddc\ud835\udde1 \ud835\udfee\ud835\udfec\ud835\udfee\ud835\udfef !&nbsp; Depuis Janvier, les b\u00e9n\u00e9voles et l&rsquo;\u00e9quipe du Centre Socioculturel travaillent sur cet \u00e9v\u00e9nement, pour que cette journ\u00e9e soit aussi belle que celle de l&rsquo;ann\u00e9e derni\u00e8re ! [&hellip;]<\/p>\n","protected":false},"author":1,"featured_media":8080,"comment_status":"open","ping_status":"open","sticky":false,"template":"","format":"standard","meta":{"_jetpack_memberships_contains_paid_content":false,"footnotes":"","jetpack_publicize_message":"","jetpack_publicize_feature_enabled":true,"jetpack_social_post_already_shared":true,"jetpack_social_options":{"image_generator_settings":{"template":"highway","default_image_id":0,"font":"","enabled":false},"version":2}},"categories":[1],"tags":[],"class_list":["post-8079","post","type-post","status-publish","format-standard","has-post-thumbnail","hentry","category-uncategorized"],"yoast_head":"<!-- This site is optimized with the Yoast SEO plugin v24.9 - https:\/\/yoast.com\/wordpress\/plugins\/seo\/ -->\n<title>[ \ud835\uddd7\ud835\udde8\ud835\uddd6\ud835\uddd4\ud835\udde6\ud835\udde6\ud835\uddd8 \ud835\uddd4\u0300 \ud835\udde3\ud835\udde2\ud835\udde8\ud835\udde6\ud835\udde6\ud835\udddc\ud835\uddd8\u0300\ud835\udde5\ud835\uddd8\ud835\udde6 \ud835\udfee\ud835\udfec\ud835\udfee\ud835\udfef ] - Centre Socio-Culturel Coeur de Ville<\/title>\n<meta name=\"robots\" content=\"index, follow, max-snippet:-1, max-image-preview:large, max-video-preview:-1\" \/>\n<link rel=\"canonical\" href=\"https:\/\/cscestran.fr\/?p=8079\" \/>\n<meta property=\"og:locale\" content=\"fr_FR\" \/>\n<meta property=\"og:type\" content=\"article\" \/>\n<meta property=\"og:title\" content=\"[ \ud835\uddd7\ud835\udde8\ud835\uddd6\ud835\uddd4\ud835\udde6\ud835\udde6\ud835\uddd8 \ud835\uddd4\u0300 \ud835\udde3\ud835\udde2\ud835\udde8\ud835\udde6\ud835\udde6\ud835\udddc\ud835\uddd8\u0300\ud835\udde5\ud835\uddd8\ud835\udde6 \ud835\udfee\ud835\udfec\ud835\udfee\ud835\udfef ] - Centre Socio-Culturel Coeur de Ville\" \/>\n<meta property=\"og:description\" content=\"\ud835\ude16\ud835\ude2f \ud835\ude34&rsquo;\ud835\ude26\u0301\ud835\ude35\ud835\ude22\ud835\ude2a\ud835\ude35 \ud835\ude25\ud835\ude2a\ud835\ude35 \ud835\ude33\ud835\ude26\ud835\ude2f\ud835\ude25\ud835\ude26\ud835\ude3b-\ud835\ude37\ud835\ude30\ud835\ude36\ud835\ude34 \ud835\ude25\ud835\ude22\ud835\ude2f\ud835\ude34 \ud835\ude36\ud835\ude2f \ud835\ude22\ud835\ude2f &#8230; ! \ud835\ude13\ud835\ude26 \ud835\ude33\ud835\ude26\ud835\ude2f\ud835\ude25\ud835\ude26\ud835\ude3b-\ud835\ude37\ud835\ude30\ud835\ude36\ud835\ude34 \ud835\ude26\ud835\ude34\ud835\ude35 \ud835\ude27\ud835\ude2a\ud835\ude39\ud835\ude26\u0301 !&nbsp; La Ducasse \u00c0 Poussi\u00e8res version 2023 sera de retour le \ud835\uddd7\ud835\udddc\ud835\udde0\ud835\uddd4\ud835\udde1\ud835\uddd6\ud835\udddb\ud835\uddd8 \ud835\udfee\ud835\udff1 \ud835\udddd\ud835\udde8\ud835\udddc\ud835\udde1 \ud835\udfee\ud835\udfec\ud835\udfee\ud835\udfef !&nbsp; Depuis Janvier, les b\u00e9n\u00e9voles et l&rsquo;\u00e9quipe du Centre Socioculturel travaillent sur cet \u00e9v\u00e9nement, pour que cette journ\u00e9e soit aussi belle que celle de l&rsquo;ann\u00e9e derni\u00e8re ! [&hellip;]\" \/>\n<meta property=\"og:url\" content=\"https:\/\/cscestran.fr\/?p=8079\" \/>\n<meta property=\"og:site_name\" content=\"Centre Socio-Culturel Coeur de Ville\" \/>\n<meta property=\"article:published_time\" content=\"2023-05-22T09:35:05+00:00\" \/>\n<meta property=\"article:modified_time\" content=\"2023-05-22T09:35:07+00:00\" \/>\n<meta property=\"og:image\" content=\"https:\/\/cscestran.fr\/wp-content\/uploads\/2023\/05\/348215816_3549664648688612_1771111014767696101_n.jpg\" \/>\n\t<meta property=\"og:image:width\" content=\"1414\" \/>\n\t<meta property=\"og:image:height\" content=\"2000\" \/>\n\t<meta property=\"og:image:type\" content=\"image\/jpeg\" \/>\n<meta name=\"author\" content=\"admin\" \/>\n<meta name=\"twitter:card\" content=\"summary_large_image\" \/>\n<meta name=\"twitter:label1\" content=\"\u00c9crit par\" \/>\n\t<meta name=\"twitter:data1\" content=\"admin\" \/>\n\t<meta name=\"twitter:label2\" content=\"Dur\u00e9e de lecture estim\u00e9e\" \/>\n\t<meta name=\"twitter:data2\" content=\"2 minutes\" \/>\n<script type=\"application\/ld+json\" class=\"yoast-schema-graph\">{\"@context\":\"https:\/\/schema.org\",\"@graph\":[{\"@type\":\"Article\",\"@id\":\"https:\/\/cscestran.fr\/?p=8079#article\",\"isPartOf\":{\"@id\":\"https:\/\/cscestran.fr\/?p=8079\"},\"author\":{\"name\":\"admin\",\"@id\":\"https:\/\/cscestran.fr\/#\/schema\/person\/ffe9679d455144a2a947b0cacb08b52a\"},\"headline\":\"[ \ud835\uddd7\ud835\udde8\ud835\uddd6\ud835\uddd4\ud835\udde6\ud835\udde6\ud835\uddd8 \ud835\uddd4\u0300 \ud835\udde3\ud835\udde2\ud835\udde8\ud835\udde6\ud835\udde6\ud835\udddc\ud835\uddd8\u0300\ud835\udde5\ud835\uddd8\ud835\udde6 \ud835\udfee\ud835\udfec\ud835\udfee\ud835\udfef ]\",\"datePublished\":\"2023-05-22T09:35:05+00:00\",\"dateModified\":\"2023-05-22T09:35:07+00:00\",\"mainEntityOfPage\":{\"@id\":\"https:\/\/cscestran.fr\/?p=8079\"},\"wordCount\":67,\"commentCount\":0,\"publisher\":{\"@id\":\"https:\/\/cscestran.fr\/#organization\"},\"image\":{\"@id\":\"https:\/\/cscestran.fr\/?p=8079#primaryimage\"},\"thumbnailUrl\":\"https:\/\/cscestran.fr\/wp-content\/uploads\/2023\/05\/348215816_3549664648688612_1771111014767696101_n.jpg\",\"articleSection\":[\"Uncategorized\"],\"inLanguage\":\"fr-FR\",\"potentialAction\":[{\"@type\":\"CommentAction\",\"name\":\"Comment\",\"target\":[\"https:\/\/cscestran.fr\/?p=8079#respond\"]}]},{\"@type\":\"WebPage\",\"@id\":\"https:\/\/cscestran.fr\/?p=8079\",\"url\":\"https:\/\/cscestran.fr\/?p=8079\",\"name\":\"[ \ud835\uddd7\ud835\udde8\ud835\uddd6\ud835\uddd4\ud835\udde6\ud835\udde6\ud835\uddd8 \ud835\uddd4\u0300 \ud835\udde3\ud835\udde2\ud835\udde8\ud835\udde6\ud835\udde6\ud835\udddc\ud835\uddd8\u0300\ud835\udde5\ud835\uddd8\ud835\udde6 \ud835\udfee\ud835\udfec\ud835\udfee\ud835\udfef ] - Centre Socio-Culturel Coeur de Ville\",\"isPartOf\":{\"@id\":\"https:\/\/cscestran.fr\/#website\"},\"primaryImageOfPage\":{\"@id\":\"https:\/\/cscestran.fr\/?p=8079#primaryimage\"},\"image\":{\"@id\":\"https:\/\/cscestran.fr\/?p=8079#primaryimage\"},\"thumbnailUrl\":\"https:\/\/cscestran.fr\/wp-content\/uploads\/2023\/05\/348215816_3549664648688612_1771111014767696101_n.jpg\",\"datePublished\":\"2023-05-22T09:35:05+00:00\",\"dateModified\":\"2023-05-22T09:35:07+00:00\",\"breadcrumb\":{\"@id\":\"https:\/\/cscestran.fr\/?p=8079#breadcrumb\"},\"inLanguage\":\"fr-FR\",\"potentialAction\":[{\"@type\":\"ReadAction\",\"target\":[\"https:\/\/cscestran.fr\/?p=8079\"]}]},{\"@type\":\"ImageObject\",\"inLanguage\":\"fr-FR\",\"@id\":\"https:\/\/cscestran.fr\/?p=8079#primaryimage\",\"url\":\"https:\/\/cscestran.fr\/wp-content\/uploads\/2023\/05\/348215816_3549664648688612_1771111014767696101_n.jpg\",\"contentUrl\":\"https:\/\/cscestran.fr\/wp-content\/uploads\/2023\/05\/348215816_3549664648688612_1771111014767696101_n.jpg\",\"width\":1414,\"height\":2000},{\"@type\":\"BreadcrumbList\",\"@id\":\"https:\/\/cscestran.fr\/?p=8079#breadcrumb\",\"itemListElement\":[{\"@type\":\"ListItem\",\"position\":1,\"name\":\"Accueil\",\"item\":\"https:\/\/cscestran.fr\/\"},{\"@type\":\"ListItem\",\"position\":2,\"name\":\"[ \ud835\uddd7\ud835\udde8\ud835\uddd6\ud835\uddd4\ud835\udde6\ud835\udde6\ud835\uddd8 \ud835\uddd4\u0300 \ud835\udde3\ud835\udde2\ud835\udde8\ud835\udde6\ud835\udde6\ud835\udddc\ud835\uddd8\u0300\ud835\udde5\ud835\uddd8\ud835\udde6 \ud835\udfee\ud835\udfec\ud835\udfee\ud835\udfef ]\"}]},{\"@type\":\"WebSite\",\"@id\":\"https:\/\/cscestran.fr\/#website\",\"url\":\"https:\/\/cscestran.fr\/\",\"name\":\"Centre Socio-Culturel Coeur de Ville\",\"description\":\"\",\"publisher\":{\"@id\":\"https:\/\/cscestran.fr\/#organization\"},\"potentialAction\":[{\"@type\":\"SearchAction\",\"target\":{\"@type\":\"EntryPoint\",\"urlTemplate\":\"https:\/\/cscestran.fr\/?s={search_term_string}\"},\"query-input\":{\"@type\":\"PropertyValueSpecification\",\"valueRequired\":true,\"valueName\":\"search_term_string\"}}],\"inLanguage\":\"fr-FR\"},{\"@type\":\"Organization\",\"@id\":\"https:\/\/cscestran.fr\/#organization\",\"name\":\"Centre Socio-Culturel Coeur de Ville\",\"url\":\"https:\/\/cscestran.fr\/\",\"logo\":{\"@type\":\"ImageObject\",\"inLanguage\":\"fr-FR\",\"@id\":\"https:\/\/cscestran.fr\/#\/schema\/logo\/image\/\",\"url\":\"https:\/\/cscestran.fr\/wp-content\/uploads\/2024\/07\/cropped-logo.png\",\"contentUrl\":\"https:\/\/cscestran.fr\/wp-content\/uploads\/2024\/07\/cropped-logo.png\",\"width\":167,\"height\":167,\"caption\":\"Centre Socio-Culturel Coeur de Ville\"},\"image\":{\"@id\":\"https:\/\/cscestran.fr\/#\/schema\/logo\/image\/\"}},{\"@type\":\"Person\",\"@id\":\"https:\/\/cscestran.fr\/#\/schema\/person\/ffe9679d455144a2a947b0cacb08b52a\",\"name\":\"admin\",\"image\":{\"@type\":\"ImageObject\",\"inLanguage\":\"fr-FR\",\"@id\":\"https:\/\/cscestran.fr\/#\/schema\/person\/image\/\",\"url\":\"https:\/\/secure.gravatar.com\/avatar\/259e9308f79c7fb2cbcafae2c3b6b219f2563d7edf5313eadfd4f525281ed951?s=96&d=mm&r=g\",\"contentUrl\":\"https:\/\/secure.gravatar.com\/avatar\/259e9308f79c7fb2cbcafae2c3b6b219f2563d7edf5313eadfd4f525281ed951?s=96&d=mm&r=g\",\"caption\":\"admin\"},\"sameAs\":[\"https:\/\/cscestran.fr\"],\"url\":\"https:\/\/cscestran.fr\/?author=1\"}]}<\/script>\n<!-- \/ Yoast SEO plugin. -->","yoast_head_json":{"title":"[ \ud835\uddd7\ud835\udde8\ud835\uddd6\ud835\uddd4\ud835\udde6\ud835\udde6\ud835\uddd8 \ud835\uddd4\u0300 \ud835\udde3\ud835\udde2\ud835\udde8\ud835\udde6\ud835\udde6\ud835\udddc\ud835\uddd8\u0300\ud835\udde5\ud835\uddd8\ud835\udde6 \ud835\udfee\ud835\udfec\ud835\udfee\ud835\udfef ] - Centre Socio-Culturel Coeur de Ville","robots":{"index":"index","follow":"follow","max-snippet":"max-snippet:-1","max-image-preview":"max-image-preview:large","max-video-preview":"max-video-preview:-1"},"canonical":"https:\/\/cscestran.fr\/?p=8079","og_locale":"fr_FR","og_type":"article","og_title":"[ \ud835\uddd7\ud835\udde8\ud835\uddd6\ud835\uddd4\ud835\udde6\ud835\udde6\ud835\uddd8 \ud835\uddd4\u0300 \ud835\udde3\ud835\udde2\ud835\udde8\ud835\udde6\ud835\udde6\ud835\udddc\ud835\uddd8\u0300\ud835\udde5\ud835\uddd8\ud835\udde6 \ud835\udfee\ud835\udfec\ud835\udfee\ud835\udfef ] - Centre Socio-Culturel Coeur de Ville","og_description":"\ud835\ude16\ud835\ude2f \ud835\ude34&rsquo;\ud835\ude26\u0301\ud835\ude35\ud835\ude22\ud835\ude2a\ud835\ude35 \ud835\ude25\ud835\ude2a\ud835\ude35 \ud835\ude33\ud835\ude26\ud835\ude2f\ud835\ude25\ud835\ude26\ud835\ude3b-\ud835\ude37\ud835\ude30\ud835\ude36\ud835\ude34 \ud835\ude25\ud835\ude22\ud835\ude2f\ud835\ude34 \ud835\ude36\ud835\ude2f \ud835\ude22\ud835\ude2f &#8230; ! \ud835\ude13\ud835\ude26 \ud835\ude33\ud835\ude26\ud835\ude2f\ud835\ude25\ud835\ude26\ud835\ude3b-\ud835\ude37\ud835\ude30\ud835\ude36\ud835\ude34 \ud835\ude26\ud835\ude34\ud835\ude35 \ud835\ude27\ud835\ude2a\ud835\ude39\ud835\ude26\u0301 !&nbsp; La Ducasse \u00c0 Poussi\u00e8res version 2023 sera de retour le \ud835\uddd7\ud835\udddc\ud835\udde0\ud835\uddd4\ud835\udde1\ud835\uddd6\ud835\udddb\ud835\uddd8 \ud835\udfee\ud835\udff1 \ud835\udddd\ud835\udde8\ud835\udddc\ud835\udde1 \ud835\udfee\ud835\udfec\ud835\udfee\ud835\udfef !&nbsp; Depuis Janvier, les b\u00e9n\u00e9voles et l&rsquo;\u00e9quipe du Centre Socioculturel travaillent sur cet \u00e9v\u00e9nement, pour que cette journ\u00e9e soit aussi belle que celle de l&rsquo;ann\u00e9e derni\u00e8re ! [&hellip;]","og_url":"https:\/\/cscestran.fr\/?p=8079","og_site_name":"Centre Socio-Culturel Coeur de Ville","article_published_time":"2023-05-22T09:35:05+00:00","article_modified_time":"2023-05-22T09:35:07+00:00","og_image":[{"width":1414,"height":2000,"url":"https:\/\/cscestran.fr\/wp-content\/uploads\/2023\/05\/348215816_3549664648688612_1771111014767696101_n.jpg","type":"image\/jpeg"}],"author":"admin","twitter_card":"summary_large_image","twitter_misc":{"\u00c9crit par":"admin","Dur\u00e9e de lecture estim\u00e9e":"2 minutes"},"schema":{"@context":"https:\/\/schema.org","@graph":[{"@type":"Article","@id":"https:\/\/cscestran.fr\/?p=8079#article","isPartOf":{"@id":"https:\/\/cscestran.fr\/?p=8079"},"author":{"name":"admin","@id":"https:\/\/cscestran.fr\/#\/schema\/person\/ffe9679d455144a2a947b0cacb08b52a"},"headline":"[ \ud835\uddd7\ud835\udde8\ud835\uddd6\ud835\uddd4\ud835\udde6\ud835\udde6\ud835\uddd8 \ud835\uddd4\u0300 \ud835\udde3\ud835\udde2\ud835\udde8\ud835\udde6\ud835\udde6\ud835\udddc\ud835\uddd8\u0300\ud835\udde5\ud835\uddd8\ud835\udde6 \ud835\udfee\ud835\udfec\ud835\udfee\ud835\udfef ]","datePublished":"2023-05-22T09:35:05+00:00","dateModified":"2023-05-22T09:35:07+00:00","mainEntityOfPage":{"@id":"https:\/\/cscestran.fr\/?p=8079"},"wordCount":67,"commentCount":0,"publisher":{"@id":"https:\/\/cscestran.fr\/#organization"},"image":{"@id":"https:\/\/cscestran.fr\/?p=8079#primaryimage"},"thumbnailUrl":"https:\/\/cscestran.fr\/wp-content\/uploads\/2023\/05\/348215816_3549664648688612_1771111014767696101_n.jpg","articleSection":["Uncategorized"],"inLanguage":"fr-FR","potentialAction":[{"@type":"CommentAction","name":"Comment","target":["https:\/\/cscestran.fr\/?p=8079#respond"]}]},{"@type":"WebPage","@id":"https:\/\/cscestran.fr\/?p=8079","url":"https:\/\/cscestran.fr\/?p=8079","name":"[ \ud835\uddd7\ud835\udde8\ud835\uddd6\ud835\uddd4\ud835\udde6\ud835\udde6\ud835\uddd8 \ud835\uddd4\u0300 \ud835\udde3\ud835\udde2\ud835\udde8\ud835\udde6\ud835\udde6\ud835\udddc\ud835\uddd8\u0300\ud835\udde5\ud835\uddd8\ud835\udde6 \ud835\udfee\ud835\udfec\ud835\udfee\ud835\udfef ] - Centre Socio-Culturel Coeur de Ville","isPartOf":{"@id":"https:\/\/cscestran.fr\/#website"},"primaryImageOfPage":{"@id":"https:\/\/cscestran.fr\/?p=8079#primaryimage"},"image":{"@id":"https:\/\/cscestran.fr\/?p=8079#primaryimage"},"thumbnailUrl":"https:\/\/cscestran.fr\/wp-content\/uploads\/2023\/05\/348215816_3549664648688612_1771111014767696101_n.jpg","datePublished":"2023-05-22T09:35:05+00:00","dateModified":"2023-05-22T09:35:07+00:00","breadcrumb":{"@id":"https:\/\/cscestran.fr\/?p=8079#breadcrumb"},"inLanguage":"fr-FR","potentialAction":[{"@type":"ReadAction","target":["https:\/\/cscestran.fr\/?p=8079"]}]},{"@type":"ImageObject","inLanguage":"fr-FR","@id":"https:\/\/cscestran.fr\/?p=8079#primaryimage","url":"https:\/\/cscestran.fr\/wp-content\/uploads\/2023\/05\/348215816_3549664648688612_1771111014767696101_n.jpg","contentUrl":"https:\/\/cscestran.fr\/wp-content\/uploads\/2023\/05\/348215816_3549664648688612_1771111014767696101_n.jpg","width":1414,"height":2000},{"@type":"BreadcrumbList","@id":"https:\/\/cscestran.fr\/?p=8079#breadcrumb","itemListElement":[{"@type":"ListItem","position":1,"name":"Accueil","item":"https:\/\/cscestran.fr\/"},{"@type":"ListItem","position":2,"name":"[ \ud835\uddd7\ud835\udde8\ud835\uddd6\ud835\uddd4\ud835\udde6\ud835\udde6\ud835\uddd8 \ud835\uddd4\u0300 \ud835\udde3\ud835\udde2\ud835\udde8\ud835\udde6\ud835\udde6\ud835\udddc\ud835\uddd8\u0300\ud835\udde5\ud835\uddd8\ud835\udde6 \ud835\udfee\ud835\udfec\ud835\udfee\ud835\udfef ]"}]},{"@type":"WebSite","@id":"https:\/\/cscestran.fr\/#website","url":"https:\/\/cscestran.fr\/","name":"Centre Socio-Culturel Coeur de Ville","description":"","publisher":{"@id":"https:\/\/cscestran.fr\/#organization"},"potentialAction":[{"@type":"SearchAction","target":{"@type":"EntryPoint","urlTemplate":"https:\/\/cscestran.fr\/?s={search_term_string}"},"query-input":{"@type":"PropertyValueSpecification","valueRequired":true,"valueName":"search_term_string"}}],"inLanguage":"fr-FR"},{"@type":"Organization","@id":"https:\/\/cscestran.fr\/#organization","name":"Centre Socio-Culturel Coeur de Ville","url":"https:\/\/cscestran.fr\/","logo":{"@type":"ImageObject","inLanguage":"fr-FR","@id":"https:\/\/cscestran.fr\/#\/schema\/logo\/image\/","url":"https:\/\/cscestran.fr\/wp-content\/uploads\/2024\/07\/cropped-logo.png","contentUrl":"https:\/\/cscestran.fr\/wp-content\/uploads\/2024\/07\/cropped-logo.png","width":167,"height":167,"caption":"Centre Socio-Culturel Coeur de Ville"},"image":{"@id":"https:\/\/cscestran.fr\/#\/schema\/logo\/image\/"}},{"@type":"Person","@id":"https:\/\/cscestran.fr\/#\/schema\/person\/ffe9679d455144a2a947b0cacb08b52a","name":"admin","image":{"@type":"ImageObject","inLanguage":"fr-FR","@id":"https:\/\/cscestran.fr\/#\/schema\/person\/image\/","url":"https:\/\/secure.gravatar.com\/avatar\/259e9308f79c7fb2cbcafae2c3b6b219f2563d7edf5313eadfd4f525281ed951?s=96&d=mm&r=g","contentUrl":"https:\/\/secure.gravatar.com\/avatar\/259e9308f79c7fb2cbcafae2c3b6b219f2563d7edf5313eadfd4f525281ed951?s=96&d=mm&r=g","caption":"admin"},"sameAs":["https:\/\/cscestran.fr"],"url":"https:\/\/cscestran.fr\/?author=1"}]}},"jetpack_publicize_connections":[],"jetpack_featured_media_url":"https:\/\/cscestran.fr\/wp-content\/uploads\/2023\/05\/348215816_3549664648688612_1771111014767696101_n.jpg","jetpack_likes_enabled":true,"jetpack_sharing_enabled":true,"_links":{"self":[{"href":"https:\/\/cscestran.fr\/index.php?rest_route=\/wp\/v2\/posts\/8079","targetHints":{"allow":["GET"]}}],"collection":[{"href":"https:\/\/cscestran.fr\/index.php?rest_route=\/wp\/v2\/posts"}],"about":[{"href":"https:\/\/cscestran.fr\/index.php?rest_route=\/wp\/v2\/types\/post"}],"author":[{"embeddable":true,"href":"https:\/\/cscestran.fr\/index.php?rest_route=\/wp\/v2\/users\/1"}],"replies":[{"embeddable":true,"href":"https:\/\/cscestran.fr\/index.php?rest_route=%2Fwp%2Fv2%2Fcomments&post=8079"}],"version-history":[{"count":1,"href":"https:\/\/cscestran.fr\/index.php?rest_route=\/wp\/v2\/posts\/8079\/revisions"}],"predecessor-version":[{"id":8081,"href":"https:\/\/cscestran.fr\/index.php?rest_route=\/wp\/v2\/posts\/8079\/revisions\/8081"}],"wp:featuredmedia":[{"embeddable":true,"href":"https:\/\/cscestran.fr\/index.php?rest_route=\/wp\/v2\/media\/8080"}],"wp:attachment":[{"href":"https:\/\/cscestran.fr\/index.php?rest_route=%2Fwp%2Fv2%2Fmedia&parent=8079"}],"wp:term":[{"taxonomy":"category","embeddable":true,"href":"https:\/\/cscestran.fr\/index.php?rest_route=%2Fwp%2Fv2%2Fcategories&post=8079"},{"taxonomy":"post_tag","embeddable":true,"href":"https:\/\/cscestran.fr\/index.php?rest_route=%2Fwp%2Fv2%2Ftags&post=8079"}],"curies":[{"name":"wp","href":"https:\/\/api.w.org\/{rel}","templated":true}]}}