{"id":8682,"date":"2024-03-21T15:08:54","date_gmt":"2024-03-21T15:08:54","guid":{"rendered":"https:\/\/cscestran.fr\/?p=8682"},"modified":"2024-03-21T15:12:55","modified_gmt":"2024-03-21T15:12:55","slug":"%f0%9d%95%8a%f0%9d%94%bc%e2%84%82%f0%9d%95%8b%f0%9d%94%bc%f0%9d%95%8c%e2%84%9d-%f0%9d%94%bd%f0%9d%94%b8%f0%9d%95%84%f0%9d%95%80%f0%9d%95%83%f0%9d%95%83%f0%9d%94%bc-2","status":"publish","type":"post","link":"https:\/\/cscestran.fr\/?p=8682","title":{"rendered":"[ \ud835\udd4a\ud835\udd3c\u2102\ud835\udd4b\ud835\udd3c\ud835\udd4c\u211d \ud835\udd3d\ud835\udd38\ud835\udd44\ud835\udd40\ud835\udd43\ud835\udd43\ud835\udd3c ]"},"content":{"rendered":"\n<p>Les ateliers de \ud835\ude99\ud835\ude9c\ud835\udea2\ud835\ude8c\ud835\ude91\ud835\ude98\ud835\ude96\ud835\ude98\ud835\ude9d\ud835\ude9b\ud835\ude92\ud835\ude8c\ud835\ude92\ud835\ude9d\u00e9 reprennent\u2026 <img loading=\"lazy\" decoding=\"async\" height=\"16\" width=\"16\" alt=\"\ud83d\ude01\" src=\"https:\/\/static.xx.fbcdn.net\/images\/emoji.php\/v9\/ta8\/1.5\/16\/1f601.png\"><\/p>\n\n\n\n<p>\ud835\udd78\ud835\udd86\ud835\udd97\ud835\udd8e\ud835\udd93\ud835\udd86 et \ud835\udce3\ud835\udcee\ud835\udcfc\ud835\udcfc vous accueillent :<\/p>\n\n\n\n<p><img loading=\"lazy\" decoding=\"async\" height=\"16\" width=\"16\" alt=\"\ud83d\udcc5\" src=\"https:\/\/static.xx.fbcdn.net\/images\/emoji.php\/v9\/td7\/1.5\/16\/1f4c5.png\"><a><\/a>le samedi \ud835\udfd0\ud835\udfd1 \ud835\udc26\ud835\udc1a\ud835\udc2b\ud835\udc2c<\/p>\n\n\n\n<p><img loading=\"lazy\" decoding=\"async\" height=\"16\" width=\"16\" alt=\"\ud83d\udd59\" src=\"https:\/\/static.xx.fbcdn.net\/images\/emoji.php\/v9\/t8a\/1.5\/16\/1f559.png\"> \u00e0 partir de \ud835\udfed\ud835\udfec\ud835\uddf5<\/p>\n\n\n\n<p><img loading=\"lazy\" decoding=\"async\" height=\"16\" width=\"16\" alt=\"\ud83d\udccd\" src=\"https:\/\/static.xx.fbcdn.net\/images\/emoji.php\/v9\/t86\/1.5\/16\/1f4cd.png\"> \u00e0 la salle \ud835\udc15\ud835\udc22\ud835\udc1c\ud835\udc2d\ud835\udc28\ud835\udc2b \ud835\udc0c\ud835\udc1a\ud835\udc2b\ud835\udc2d\ud835\udc1e\ud835\udc25 (salle du DOJO de Grand-Fort-Philippe place Charles de Gaulle)<\/p>\n\n\n\n<p>Rendez-vous samedi prochain pour 1h de \ud835\ude96\ud835\ude98\ud835\ude9d\ud835\ude9b\ud835\ude92\ud835\ude8c\ud835\ude92\ud835\ude9d\u00e9 \ud835\ude95\ud835\ude92\ud835\ude8b\ud835\ude9b\ud835\ude8e ! <img loading=\"lazy\" decoding=\"async\" height=\"16\" width=\"16\" alt=\"\ud83e\udd73\" src=\"https:\/\/static.xx.fbcdn.net\/images\/emoji.php\/v9\/tc6\/1.5\/16\/1f973.png\"><img loading=\"lazy\" decoding=\"async\" height=\"16\" width=\"16\" alt=\"\ud83c\udfc3\u200d\u2642\ufe0f\" src=\"https:\/\/static.xx.fbcdn.net\/images\/emoji.php\/v9\/tc4\/1.5\/16\/1f3c3_200d_2642.png\"><\/p>\n\n\n\n<p><img loading=\"lazy\" decoding=\"async\" height=\"16\" width=\"16\" alt=\"\u26a0\ufe0f\" src=\"https:\/\/static.xx.fbcdn.net\/images\/emoji.php\/v9\/t63\/1.5\/16\/26a0.png\"> Dans un souci d&rsquo;organisation, l&rsquo;atelier du \ud835\ude00\ud835\uddee\ud835\uddfa\ud835\uddf2\ud835\uddf1\ud835\uddf6 \ud835\udff2 \ud835\uddee\ud835\ude03\ud835\uddff\ud835\uddf6\ud835\uddf9 a \u00e9t\u00e9 report\u00e9 au \ud835\udc94\ud835\udc82\ud835\udc8e\ud835\udc86\ud835\udc85\ud835\udc8a 27 \ud835\udc82\ud835\udc97\ud835\udc93\ud835\udc8a\ud835\udc8d<img loading=\"lazy\" decoding=\"async\" height=\"16\" width=\"16\" alt=\"\u26a0\ufe0f\" src=\"https:\/\/static.xx.fbcdn.net\/images\/emoji.php\/v9\/t63\/1.5\/16\/26a0.png\"><\/p>\n\n\n\n<p>Il reste encore \ud835\udcc6\ud835\udcca\ud835\udc52\ud835\udcc1\ud835\udcc6\ud835\udcca\ud835\udc52\ud835\udcc8 \ud835\udcc5\ud835\udcc1\ud835\udcb6\ud835\udcb8\ud835\udc52\ud835\udcc8 de \ud835\udd89\ud835\udd8e\ud835\udd98\ud835\udd95\ud835\udd94\ud835\udd93\ud835\udd8e\ud835\udd87\ud835\udd91\ud835\udd8a <img loading=\"lazy\" decoding=\"async\" height=\"16\" width=\"16\" alt=\"\ud83d\ude09\" src=\"https:\/\/static.xx.fbcdn.net\/images\/emoji.php\/v9\/tb0\/1.5\/16\/1f609.png\"><\/p>\n\n\n\n<figure class=\"wp-block-image size-large\"><img loading=\"lazy\" decoding=\"async\" width=\"724\" height=\"1024\" src=\"https:\/\/cscestran.fr\/wp-content\/uploads\/2024\/03\/432777958_752812033704134_4060644486775125225_n-1-724x1024.jpg\" alt=\"\" class=\"wp-image-8683\" srcset=\"https:\/\/cscestran.fr\/wp-content\/uploads\/2024\/03\/432777958_752812033704134_4060644486775125225_n-1-724x1024.jpg 724w, https:\/\/cscestran.fr\/wp-content\/uploads\/2024\/03\/432777958_752812033704134_4060644486775125225_n-1-212x300.jpg 212w, https:\/\/cscestran.fr\/wp-content\/uploads\/2024\/03\/432777958_752812033704134_4060644486775125225_n-1-768x1086.jpg 768w, https:\/\/cscestran.fr\/wp-content\/uploads\/2024\/03\/432777958_752812033704134_4060644486775125225_n-1-1086x1536.jpg 1086w, https:\/\/cscestran.fr\/wp-content\/uploads\/2024\/03\/432777958_752812033704134_4060644486775125225_n-1.jpg 1414w\" sizes=\"auto, (max-width: 724px) 100vw, 724px\" \/><\/figure>\n","protected":false},"excerpt":{"rendered":"<p>Les ateliers de \ud835\ude99\ud835\ude9c\ud835\udea2\ud835\ude8c\ud835\ude91\ud835\ude98\ud835\ude96\ud835\ude98\ud835\ude9d\ud835\ude9b\ud835\ude92\ud835\ude8c\ud835\ude92\ud835\ude9d\u00e9 reprennent\u2026 \ud835\udd78\ud835\udd86\ud835\udd97\ud835\udd8e\ud835\udd93\ud835\udd86 et \ud835\udce3\ud835\udcee\ud835\udcfc\ud835\udcfc vous accueillent : le samedi \ud835\udfd0\ud835\udfd1 \ud835\udc26\ud835\udc1a\ud835\udc2b\ud835\udc2c \u00e0 partir de \ud835\udfed\ud835\udfec\ud835\uddf5 \u00e0 la salle \ud835\udc15\ud835\udc22\ud835\udc1c\ud835\udc2d\ud835\udc28\ud835\udc2b \ud835\udc0c\ud835\udc1a\ud835\udc2b\ud835\udc2d\ud835\udc1e\ud835\udc25 (salle du DOJO de Grand-Fort-Philippe place Charles de Gaulle) Rendez-vous samedi prochain pour 1h de \ud835\ude96\ud835\ude98\ud835\ude9d\ud835\ude9b\ud835\ude92\ud835\ude8c\ud835\ude92\ud835\ude9d\u00e9 \ud835\ude95\ud835\ude92\ud835\ude8b\ud835\ude9b\ud835\ude8e ! Dans un souci d&rsquo;organisation, l&rsquo;atelier du \ud835\ude00\ud835\uddee\ud835\uddfa\ud835\uddf2\ud835\uddf1\ud835\uddf6 \ud835\udff2 \ud835\uddee\ud835\ude03\ud835\uddff\ud835\uddf6\ud835\uddf9 a \u00e9t\u00e9 report\u00e9 au [&hellip;]<\/p>\n","protected":false},"author":1,"featured_media":8683,"comment_status":"open","ping_status":"open","sticky":false,"template":"","format":"standard","meta":{"_jetpack_memberships_contains_paid_content":false,"footnotes":"","jetpack_publicize_message":"","jetpack_publicize_feature_enabled":true,"jetpack_social_post_already_shared":true,"jetpack_social_options":{"image_generator_settings":{"template":"highway","default_image_id":0,"font":"","enabled":false},"version":2}},"categories":[1],"tags":[],"class_list":["post-8682","post","type-post","status-publish","format-standard","has-post-thumbnail","hentry","category-uncategorized"],"yoast_head":"<!-- This site is optimized with the Yoast SEO plugin v24.9 - https:\/\/yoast.com\/wordpress\/plugins\/seo\/ -->\n<title>[ \ud835\udd4a\ud835\udd3c\u2102\ud835\udd4b\ud835\udd3c\ud835\udd4c\u211d \ud835\udd3d\ud835\udd38\ud835\udd44\ud835\udd40\ud835\udd43\ud835\udd43\ud835\udd3c ] - Centre Socio-Culturel Coeur de Ville<\/title>\n<meta name=\"robots\" content=\"index, follow, max-snippet:-1, max-image-preview:large, max-video-preview:-1\" \/>\n<link rel=\"canonical\" href=\"https:\/\/cscestran.fr\/?p=8682\" \/>\n<meta property=\"og:locale\" content=\"fr_FR\" \/>\n<meta property=\"og:type\" content=\"article\" \/>\n<meta property=\"og:title\" content=\"[ \ud835\udd4a\ud835\udd3c\u2102\ud835\udd4b\ud835\udd3c\ud835\udd4c\u211d \ud835\udd3d\ud835\udd38\ud835\udd44\ud835\udd40\ud835\udd43\ud835\udd43\ud835\udd3c ] - Centre Socio-Culturel Coeur de Ville\" \/>\n<meta property=\"og:description\" content=\"Les ateliers de \ud835\ude99\ud835\ude9c\ud835\udea2\ud835\ude8c\ud835\ude91\ud835\ude98\ud835\ude96\ud835\ude98\ud835\ude9d\ud835\ude9b\ud835\ude92\ud835\ude8c\ud835\ude92\ud835\ude9d\u00e9 reprennent\u2026 \ud835\udd78\ud835\udd86\ud835\udd97\ud835\udd8e\ud835\udd93\ud835\udd86 et \ud835\udce3\ud835\udcee\ud835\udcfc\ud835\udcfc vous accueillent : le samedi \ud835\udfd0\ud835\udfd1 \ud835\udc26\ud835\udc1a\ud835\udc2b\ud835\udc2c \u00e0 partir de \ud835\udfed\ud835\udfec\ud835\uddf5 \u00e0 la salle \ud835\udc15\ud835\udc22\ud835\udc1c\ud835\udc2d\ud835\udc28\ud835\udc2b \ud835\udc0c\ud835\udc1a\ud835\udc2b\ud835\udc2d\ud835\udc1e\ud835\udc25 (salle du DOJO de Grand-Fort-Philippe place Charles de Gaulle) Rendez-vous samedi prochain pour 1h de \ud835\ude96\ud835\ude98\ud835\ude9d\ud835\ude9b\ud835\ude92\ud835\ude8c\ud835\ude92\ud835\ude9d\u00e9 \ud835\ude95\ud835\ude92\ud835\ude8b\ud835\ude9b\ud835\ude8e ! Dans un souci d&rsquo;organisation, l&rsquo;atelier du \ud835\ude00\ud835\uddee\ud835\uddfa\ud835\uddf2\ud835\uddf1\ud835\uddf6 \ud835\udff2 \ud835\uddee\ud835\ude03\ud835\uddff\ud835\uddf6\ud835\uddf9 a \u00e9t\u00e9 report\u00e9 au [&hellip;]\" \/>\n<meta property=\"og:url\" content=\"https:\/\/cscestran.fr\/?p=8682\" \/>\n<meta property=\"og:site_name\" content=\"Centre Socio-Culturel Coeur de Ville\" \/>\n<meta property=\"article:published_time\" content=\"2024-03-21T15:08:54+00:00\" \/>\n<meta property=\"article:modified_time\" content=\"2024-03-21T15:12:55+00:00\" \/>\n<meta property=\"og:image\" content=\"https:\/\/cscestran.fr\/wp-content\/uploads\/2024\/03\/432777958_752812033704134_4060644486775125225_n-1.jpg\" \/>\n\t<meta property=\"og:image:width\" content=\"1414\" \/>\n\t<meta property=\"og:image:height\" content=\"2000\" \/>\n\t<meta property=\"og:image:type\" content=\"image\/jpeg\" \/>\n<meta name=\"author\" content=\"admin\" \/>\n<meta name=\"twitter:card\" content=\"summary_large_image\" \/>\n<meta name=\"twitter:label1\" content=\"\u00c9crit par\" \/>\n\t<meta name=\"twitter:data1\" content=\"admin\" \/>\n\t<meta name=\"twitter:label2\" content=\"Dur\u00e9e de lecture estim\u00e9e\" \/>\n\t<meta name=\"twitter:data2\" content=\"3 minutes\" \/>\n<script type=\"application\/ld+json\" class=\"yoast-schema-graph\">{\"@context\":\"https:\/\/schema.org\",\"@graph\":[{\"@type\":\"Article\",\"@id\":\"https:\/\/cscestran.fr\/?p=8682#article\",\"isPartOf\":{\"@id\":\"https:\/\/cscestran.fr\/?p=8682\"},\"author\":{\"name\":\"admin\",\"@id\":\"https:\/\/cscestran.fr\/#\/schema\/person\/ffe9679d455144a2a947b0cacb08b52a\"},\"headline\":\"[ \ud835\udd4a\ud835\udd3c\u2102\ud835\udd4b\ud835\udd3c\ud835\udd4c\u211d \ud835\udd3d\ud835\udd38\ud835\udd44\ud835\udd40\ud835\udd43\ud835\udd43\ud835\udd3c ]\",\"datePublished\":\"2024-03-21T15:08:54+00:00\",\"dateModified\":\"2024-03-21T15:12:55+00:00\",\"mainEntityOfPage\":{\"@id\":\"https:\/\/cscestran.fr\/?p=8682\"},\"wordCount\":42,\"commentCount\":0,\"publisher\":{\"@id\":\"https:\/\/cscestran.fr\/#organization\"},\"image\":{\"@id\":\"https:\/\/cscestran.fr\/?p=8682#primaryimage\"},\"thumbnailUrl\":\"https:\/\/cscestran.fr\/wp-content\/uploads\/2024\/03\/432777958_752812033704134_4060644486775125225_n-1.jpg\",\"articleSection\":[\"Uncategorized\"],\"inLanguage\":\"fr-FR\",\"potentialAction\":[{\"@type\":\"CommentAction\",\"name\":\"Comment\",\"target\":[\"https:\/\/cscestran.fr\/?p=8682#respond\"]}]},{\"@type\":\"WebPage\",\"@id\":\"https:\/\/cscestran.fr\/?p=8682\",\"url\":\"https:\/\/cscestran.fr\/?p=8682\",\"name\":\"[ \ud835\udd4a\ud835\udd3c\u2102\ud835\udd4b\ud835\udd3c\ud835\udd4c\u211d \ud835\udd3d\ud835\udd38\ud835\udd44\ud835\udd40\ud835\udd43\ud835\udd43\ud835\udd3c ] - Centre Socio-Culturel Coeur de Ville\",\"isPartOf\":{\"@id\":\"https:\/\/cscestran.fr\/#website\"},\"primaryImageOfPage\":{\"@id\":\"https:\/\/cscestran.fr\/?p=8682#primaryimage\"},\"image\":{\"@id\":\"https:\/\/cscestran.fr\/?p=8682#primaryimage\"},\"thumbnailUrl\":\"https:\/\/cscestran.fr\/wp-content\/uploads\/2024\/03\/432777958_752812033704134_4060644486775125225_n-1.jpg\",\"datePublished\":\"2024-03-21T15:08:54+00:00\",\"dateModified\":\"2024-03-21T15:12:55+00:00\",\"breadcrumb\":{\"@id\":\"https:\/\/cscestran.fr\/?p=8682#breadcrumb\"},\"inLanguage\":\"fr-FR\",\"potentialAction\":[{\"@type\":\"ReadAction\",\"target\":[\"https:\/\/cscestran.fr\/?p=8682\"]}]},{\"@type\":\"ImageObject\",\"inLanguage\":\"fr-FR\",\"@id\":\"https:\/\/cscestran.fr\/?p=8682#primaryimage\",\"url\":\"https:\/\/cscestran.fr\/wp-content\/uploads\/2024\/03\/432777958_752812033704134_4060644486775125225_n-1.jpg\",\"contentUrl\":\"https:\/\/cscestran.fr\/wp-content\/uploads\/2024\/03\/432777958_752812033704134_4060644486775125225_n-1.jpg\",\"width\":1414,\"height\":2000},{\"@type\":\"BreadcrumbList\",\"@id\":\"https:\/\/cscestran.fr\/?p=8682#breadcrumb\",\"itemListElement\":[{\"@type\":\"ListItem\",\"position\":1,\"name\":\"Accueil\",\"item\":\"https:\/\/cscestran.fr\/\"},{\"@type\":\"ListItem\",\"position\":2,\"name\":\"[ \ud835\udd4a\ud835\udd3c\u2102\ud835\udd4b\ud835\udd3c\ud835\udd4c\u211d \ud835\udd3d\ud835\udd38\ud835\udd44\ud835\udd40\ud835\udd43\ud835\udd43\ud835\udd3c ]\"}]},{\"@type\":\"WebSite\",\"@id\":\"https:\/\/cscestran.fr\/#website\",\"url\":\"https:\/\/cscestran.fr\/\",\"name\":\"Centre Socio-Culturel Coeur de Ville\",\"description\":\"\",\"publisher\":{\"@id\":\"https:\/\/cscestran.fr\/#organization\"},\"potentialAction\":[{\"@type\":\"SearchAction\",\"target\":{\"@type\":\"EntryPoint\",\"urlTemplate\":\"https:\/\/cscestran.fr\/?s={search_term_string}\"},\"query-input\":{\"@type\":\"PropertyValueSpecification\",\"valueRequired\":true,\"valueName\":\"search_term_string\"}}],\"inLanguage\":\"fr-FR\"},{\"@type\":\"Organization\",\"@id\":\"https:\/\/cscestran.fr\/#organization\",\"name\":\"Centre Socio-Culturel Coeur de Ville\",\"url\":\"https:\/\/cscestran.fr\/\",\"logo\":{\"@type\":\"ImageObject\",\"inLanguage\":\"fr-FR\",\"@id\":\"https:\/\/cscestran.fr\/#\/schema\/logo\/image\/\",\"url\":\"https:\/\/cscestran.fr\/wp-content\/uploads\/2024\/07\/cropped-logo.png\",\"contentUrl\":\"https:\/\/cscestran.fr\/wp-content\/uploads\/2024\/07\/cropped-logo.png\",\"width\":167,\"height\":167,\"caption\":\"Centre Socio-Culturel Coeur de Ville\"},\"image\":{\"@id\":\"https:\/\/cscestran.fr\/#\/schema\/logo\/image\/\"}},{\"@type\":\"Person\",\"@id\":\"https:\/\/cscestran.fr\/#\/schema\/person\/ffe9679d455144a2a947b0cacb08b52a\",\"name\":\"admin\",\"image\":{\"@type\":\"ImageObject\",\"inLanguage\":\"fr-FR\",\"@id\":\"https:\/\/cscestran.fr\/#\/schema\/person\/image\/\",\"url\":\"https:\/\/secure.gravatar.com\/avatar\/259e9308f79c7fb2cbcafae2c3b6b219f2563d7edf5313eadfd4f525281ed951?s=96&d=mm&r=g\",\"contentUrl\":\"https:\/\/secure.gravatar.com\/avatar\/259e9308f79c7fb2cbcafae2c3b6b219f2563d7edf5313eadfd4f525281ed951?s=96&d=mm&r=g\",\"caption\":\"admin\"},\"sameAs\":[\"https:\/\/cscestran.fr\"],\"url\":\"https:\/\/cscestran.fr\/?author=1\"}]}<\/script>\n<!-- \/ Yoast SEO plugin. -->","yoast_head_json":{"title":"[ \ud835\udd4a\ud835\udd3c\u2102\ud835\udd4b\ud835\udd3c\ud835\udd4c\u211d \ud835\udd3d\ud835\udd38\ud835\udd44\ud835\udd40\ud835\udd43\ud835\udd43\ud835\udd3c ] - Centre Socio-Culturel Coeur de Ville","robots":{"index":"index","follow":"follow","max-snippet":"max-snippet:-1","max-image-preview":"max-image-preview:large","max-video-preview":"max-video-preview:-1"},"canonical":"https:\/\/cscestran.fr\/?p=8682","og_locale":"fr_FR","og_type":"article","og_title":"[ \ud835\udd4a\ud835\udd3c\u2102\ud835\udd4b\ud835\udd3c\ud835\udd4c\u211d \ud835\udd3d\ud835\udd38\ud835\udd44\ud835\udd40\ud835\udd43\ud835\udd43\ud835\udd3c ] - Centre Socio-Culturel Coeur de Ville","og_description":"Les ateliers de \ud835\ude99\ud835\ude9c\ud835\udea2\ud835\ude8c\ud835\ude91\ud835\ude98\ud835\ude96\ud835\ude98\ud835\ude9d\ud835\ude9b\ud835\ude92\ud835\ude8c\ud835\ude92\ud835\ude9d\u00e9 reprennent\u2026 \ud835\udd78\ud835\udd86\ud835\udd97\ud835\udd8e\ud835\udd93\ud835\udd86 et \ud835\udce3\ud835\udcee\ud835\udcfc\ud835\udcfc vous accueillent : le samedi \ud835\udfd0\ud835\udfd1 \ud835\udc26\ud835\udc1a\ud835\udc2b\ud835\udc2c \u00e0 partir de \ud835\udfed\ud835\udfec\ud835\uddf5 \u00e0 la salle \ud835\udc15\ud835\udc22\ud835\udc1c\ud835\udc2d\ud835\udc28\ud835\udc2b \ud835\udc0c\ud835\udc1a\ud835\udc2b\ud835\udc2d\ud835\udc1e\ud835\udc25 (salle du DOJO de Grand-Fort-Philippe place Charles de Gaulle) Rendez-vous samedi prochain pour 1h de \ud835\ude96\ud835\ude98\ud835\ude9d\ud835\ude9b\ud835\ude92\ud835\ude8c\ud835\ude92\ud835\ude9d\u00e9 \ud835\ude95\ud835\ude92\ud835\ude8b\ud835\ude9b\ud835\ude8e ! Dans un souci d&rsquo;organisation, l&rsquo;atelier du \ud835\ude00\ud835\uddee\ud835\uddfa\ud835\uddf2\ud835\uddf1\ud835\uddf6 \ud835\udff2 \ud835\uddee\ud835\ude03\ud835\uddff\ud835\uddf6\ud835\uddf9 a \u00e9t\u00e9 report\u00e9 au [&hellip;]","og_url":"https:\/\/cscestran.fr\/?p=8682","og_site_name":"Centre Socio-Culturel Coeur de Ville","article_published_time":"2024-03-21T15:08:54+00:00","article_modified_time":"2024-03-21T15:12:55+00:00","og_image":[{"width":1414,"height":2000,"url":"https:\/\/cscestran.fr\/wp-content\/uploads\/2024\/03\/432777958_752812033704134_4060644486775125225_n-1.jpg","type":"image\/jpeg"}],"author":"admin","twitter_card":"summary_large_image","twitter_misc":{"\u00c9crit par":"admin","Dur\u00e9e de lecture estim\u00e9e":"3 minutes"},"schema":{"@context":"https:\/\/schema.org","@graph":[{"@type":"Article","@id":"https:\/\/cscestran.fr\/?p=8682#article","isPartOf":{"@id":"https:\/\/cscestran.fr\/?p=8682"},"author":{"name":"admin","@id":"https:\/\/cscestran.fr\/#\/schema\/person\/ffe9679d455144a2a947b0cacb08b52a"},"headline":"[ \ud835\udd4a\ud835\udd3c\u2102\ud835\udd4b\ud835\udd3c\ud835\udd4c\u211d \ud835\udd3d\ud835\udd38\ud835\udd44\ud835\udd40\ud835\udd43\ud835\udd43\ud835\udd3c ]","datePublished":"2024-03-21T15:08:54+00:00","dateModified":"2024-03-21T15:12:55+00:00","mainEntityOfPage":{"@id":"https:\/\/cscestran.fr\/?p=8682"},"wordCount":42,"commentCount":0,"publisher":{"@id":"https:\/\/cscestran.fr\/#organization"},"image":{"@id":"https:\/\/cscestran.fr\/?p=8682#primaryimage"},"thumbnailUrl":"https:\/\/cscestran.fr\/wp-content\/uploads\/2024\/03\/432777958_752812033704134_4060644486775125225_n-1.jpg","articleSection":["Uncategorized"],"inLanguage":"fr-FR","potentialAction":[{"@type":"CommentAction","name":"Comment","target":["https:\/\/cscestran.fr\/?p=8682#respond"]}]},{"@type":"WebPage","@id":"https:\/\/cscestran.fr\/?p=8682","url":"https:\/\/cscestran.fr\/?p=8682","name":"[ \ud835\udd4a\ud835\udd3c\u2102\ud835\udd4b\ud835\udd3c\ud835\udd4c\u211d \ud835\udd3d\ud835\udd38\ud835\udd44\ud835\udd40\ud835\udd43\ud835\udd43\ud835\udd3c ] - Centre Socio-Culturel Coeur de Ville","isPartOf":{"@id":"https:\/\/cscestran.fr\/#website"},"primaryImageOfPage":{"@id":"https:\/\/cscestran.fr\/?p=8682#primaryimage"},"image":{"@id":"https:\/\/cscestran.fr\/?p=8682#primaryimage"},"thumbnailUrl":"https:\/\/cscestran.fr\/wp-content\/uploads\/2024\/03\/432777958_752812033704134_4060644486775125225_n-1.jpg","datePublished":"2024-03-21T15:08:54+00:00","dateModified":"2024-03-21T15:12:55+00:00","breadcrumb":{"@id":"https:\/\/cscestran.fr\/?p=8682#breadcrumb"},"inLanguage":"fr-FR","potentialAction":[{"@type":"ReadAction","target":["https:\/\/cscestran.fr\/?p=8682"]}]},{"@type":"ImageObject","inLanguage":"fr-FR","@id":"https:\/\/cscestran.fr\/?p=8682#primaryimage","url":"https:\/\/cscestran.fr\/wp-content\/uploads\/2024\/03\/432777958_752812033704134_4060644486775125225_n-1.jpg","contentUrl":"https:\/\/cscestran.fr\/wp-content\/uploads\/2024\/03\/432777958_752812033704134_4060644486775125225_n-1.jpg","width":1414,"height":2000},{"@type":"BreadcrumbList","@id":"https:\/\/cscestran.fr\/?p=8682#breadcrumb","itemListElement":[{"@type":"ListItem","position":1,"name":"Accueil","item":"https:\/\/cscestran.fr\/"},{"@type":"ListItem","position":2,"name":"[ \ud835\udd4a\ud835\udd3c\u2102\ud835\udd4b\ud835\udd3c\ud835\udd4c\u211d \ud835\udd3d\ud835\udd38\ud835\udd44\ud835\udd40\ud835\udd43\ud835\udd43\ud835\udd3c ]"}]},{"@type":"WebSite","@id":"https:\/\/cscestran.fr\/#website","url":"https:\/\/cscestran.fr\/","name":"Centre Socio-Culturel Coeur de Ville","description":"","publisher":{"@id":"https:\/\/cscestran.fr\/#organization"},"potentialAction":[{"@type":"SearchAction","target":{"@type":"EntryPoint","urlTemplate":"https:\/\/cscestran.fr\/?s={search_term_string}"},"query-input":{"@type":"PropertyValueSpecification","valueRequired":true,"valueName":"search_term_string"}}],"inLanguage":"fr-FR"},{"@type":"Organization","@id":"https:\/\/cscestran.fr\/#organization","name":"Centre Socio-Culturel Coeur de Ville","url":"https:\/\/cscestran.fr\/","logo":{"@type":"ImageObject","inLanguage":"fr-FR","@id":"https:\/\/cscestran.fr\/#\/schema\/logo\/image\/","url":"https:\/\/cscestran.fr\/wp-content\/uploads\/2024\/07\/cropped-logo.png","contentUrl":"https:\/\/cscestran.fr\/wp-content\/uploads\/2024\/07\/cropped-logo.png","width":167,"height":167,"caption":"Centre Socio-Culturel Coeur de Ville"},"image":{"@id":"https:\/\/cscestran.fr\/#\/schema\/logo\/image\/"}},{"@type":"Person","@id":"https:\/\/cscestran.fr\/#\/schema\/person\/ffe9679d455144a2a947b0cacb08b52a","name":"admin","image":{"@type":"ImageObject","inLanguage":"fr-FR","@id":"https:\/\/cscestran.fr\/#\/schema\/person\/image\/","url":"https:\/\/secure.gravatar.com\/avatar\/259e9308f79c7fb2cbcafae2c3b6b219f2563d7edf5313eadfd4f525281ed951?s=96&d=mm&r=g","contentUrl":"https:\/\/secure.gravatar.com\/avatar\/259e9308f79c7fb2cbcafae2c3b6b219f2563d7edf5313eadfd4f525281ed951?s=96&d=mm&r=g","caption":"admin"},"sameAs":["https:\/\/cscestran.fr"],"url":"https:\/\/cscestran.fr\/?author=1"}]}},"jetpack_publicize_connections":[],"jetpack_featured_media_url":"https:\/\/cscestran.fr\/wp-content\/uploads\/2024\/03\/432777958_752812033704134_4060644486775125225_n-1.jpg","jetpack_likes_enabled":true,"jetpack_sharing_enabled":true,"_links":{"self":[{"href":"https:\/\/cscestran.fr\/index.php?rest_route=\/wp\/v2\/posts\/8682","targetHints":{"allow":["GET"]}}],"collection":[{"href":"https:\/\/cscestran.fr\/index.php?rest_route=\/wp\/v2\/posts"}],"about":[{"href":"https:\/\/cscestran.fr\/index.php?rest_route=\/wp\/v2\/types\/post"}],"author":[{"embeddable":true,"href":"https:\/\/cscestran.fr\/index.php?rest_route=\/wp\/v2\/users\/1"}],"replies":[{"embeddable":true,"href":"https:\/\/cscestran.fr\/index.php?rest_route=%2Fwp%2Fv2%2Fcomments&post=8682"}],"version-history":[{"count":1,"href":"https:\/\/cscestran.fr\/index.php?rest_route=\/wp\/v2\/posts\/8682\/revisions"}],"predecessor-version":[{"id":8684,"href":"https:\/\/cscestran.fr\/index.php?rest_route=\/wp\/v2\/posts\/8682\/revisions\/8684"}],"wp:featuredmedia":[{"embeddable":true,"href":"https:\/\/cscestran.fr\/index.php?rest_route=\/wp\/v2\/media\/8683"}],"wp:attachment":[{"href":"https:\/\/cscestran.fr\/index.php?rest_route=%2Fwp%2Fv2%2Fmedia&parent=8682"}],"wp:term":[{"taxonomy":"category","embeddable":true,"href":"https:\/\/cscestran.fr\/index.php?rest_route=%2Fwp%2Fv2%2Fcategories&post=8682"},{"taxonomy":"post_tag","embeddable":true,"href":"https:\/\/cscestran.fr\/index.php?rest_route=%2Fwp%2Fv2%2Ftags&post=8682"}],"curies":[{"name":"wp","href":"https:\/\/api.w.org\/{rel}","templated":true}]}}