{"id":8748,"date":"2024-07-18T12:09:20","date_gmt":"2024-07-18T12:09:20","guid":{"rendered":"https:\/\/cscestran.fr\/?p=8748"},"modified":"2024-07-18T12:09:22","modified_gmt":"2024-07-18T12:09:22","slug":"secteur-familles","status":"publish","type":"post","link":"https:\/\/cscestran.fr\/?p=8748","title":{"rendered":"Secteur Familles"},"content":{"rendered":"\n<figure class=\"wp-block-gallery has-nested-images columns-default is-cropped wp-block-gallery-1 is-layout-flex wp-block-gallery-is-layout-flex\">\n<figure class=\"wp-block-image size-large\"><img loading=\"lazy\" decoding=\"async\" width=\"724\" height=\"1024\" data-id=\"8749\" src=\"https:\/\/cscestran.fr\/wp-content\/uploads\/2024\/07\/450866395_823775526607784_7314809490806588176_n-1-724x1024.jpg\" alt=\"\" class=\"wp-image-8749\" srcset=\"https:\/\/cscestran.fr\/wp-content\/uploads\/2024\/07\/450866395_823775526607784_7314809490806588176_n-1-724x1024.jpg 724w, https:\/\/cscestran.fr\/wp-content\/uploads\/2024\/07\/450866395_823775526607784_7314809490806588176_n-1-212x300.jpg 212w, https:\/\/cscestran.fr\/wp-content\/uploads\/2024\/07\/450866395_823775526607784_7314809490806588176_n-1-768x1086.jpg 768w, https:\/\/cscestran.fr\/wp-content\/uploads\/2024\/07\/450866395_823775526607784_7314809490806588176_n-1-1086x1536.jpg 1086w, https:\/\/cscestran.fr\/wp-content\/uploads\/2024\/07\/450866395_823775526607784_7314809490806588176_n-1.jpg 1414w\" sizes=\"auto, (max-width: 724px) 100vw, 724px\" \/><\/figure>\n<\/figure>\n\n\n\n<p><img loading=\"lazy\" decoding=\"async\" height=\"16\" width=\"16\" alt=\"\ud83d\udc68\u200d\ud83d\udc69\u200d\ud83d\udc66\" src=\"https:\/\/static.xx.fbcdn.net\/images\/emoji.php\/v9\/tcb\/1\/16\/1f468_200d_1f469_200d_1f466.png\"> [ \ud835\udd4a\ud835\udd3c\u2102\ud835\udd4b\ud835\udd3c\ud835\udd4c\u211d \ud835\udd3d\ud835\udd38\ud835\udd44\ud835\udd40\ud835\udd43\ud835\udd43\ud835\udd3c ] <img loading=\"lazy\" decoding=\"async\" height=\"16\" width=\"16\" alt=\"\ud83d\udc68\u200d\ud83d\udc69\u200d\ud83d\udc66\" src=\"https:\/\/static.xx.fbcdn.net\/images\/emoji.php\/v9\/tcb\/1\/16\/1f468_200d_1f469_200d_1f466.png\"><\/p>\n\n\n\n<p>\u275d\ud835\udc0b&rsquo;\u00e9\ud835\udc2d\u00e9 \ud835\udc1e\ud835\udc27 \ud835\udc1f\ud835\udc1a\ud835\udc26\ud835\udc22\ud835\udc25\ud835\udc25\ud835\udc1e\ud835\udc2c\u275e <img loading=\"lazy\" decoding=\"async\" height=\"16\" width=\"16\" alt=\"\u2600\ufe0f\" src=\"https:\/\/static.xx.fbcdn.net\/images\/emoji.php\/v9\/t6d\/1\/16\/2600.png\"><\/p>\n\n\n\n<p>Vous recherchez <img loading=\"lazy\" decoding=\"async\" height=\"16\" width=\"16\" alt=\"\ud83e\uddd0\" src=\"https:\/\/static.xx.fbcdn.net\/images\/emoji.php\/v9\/tdd\/1\/16\/1f9d0.png\"> des \ud835\ude8a\ud835\ude8c\ud835\ude9d\ud835\ude92\ud835\ude9f\ud835\ude92\ud835\ude9d\u00e9\ud835\ude9c , des \ud835\ude68\ud835\ude64\ud835\ude67\ud835\ude69\ud835\ude5e\ud835\ude5a\ud835\ude68 ou tout simplement \ud835\udcc5\ud835\udcb6\ud835\udcc8\ud835\udcc8\ud835\udc52\ud835\udcc7 \ud835\udcca\ud835\udcc3 \ud835\udcc2\ud835\udc5c\ud835\udcc2\ud835\udc52\ud835\udcc3\ud835\udcc9 en famille <img loading=\"lazy\" decoding=\"async\" height=\"16\" width=\"16\" alt=\"\ud83d\udc68\u200d\ud83d\udc69\u200d\ud83d\udc66\" src=\"https:\/\/static.xx.fbcdn.net\/images\/emoji.php\/v9\/tcb\/1\/16\/1f468_200d_1f469_200d_1f466.png\"> ?<\/p>\n\n\n\n<p><a><\/a>Voici le \ud835\udd95\ud835\udd91\ud835\udd86\ud835\udd93\ud835\udd93\ud835\udd8e\ud835\udd93\ud835\udd8c <img loading=\"lazy\" decoding=\"async\" height=\"16\" width=\"16\" alt=\"\ud83d\udcc3\" src=\"https:\/\/static.xx.fbcdn.net\/images\/emoji.php\/v9\/t7c\/1\/16\/1f4c3.png\"> de la saison estivale du \ud835\udd4a\ud835\udd3c\u2102\ud835\udd4b\ud835\udd3c\ud835\udd4c\u211d \ud835\udd3d\ud835\udd38\ud835\udd44\ud835\udd40\ud835\udd43\ud835\udd43\ud835\udd3c <img loading=\"lazy\" decoding=\"async\" height=\"16\" width=\"16\" alt=\"\ud83e\udd73\" src=\"https:\/\/static.xx.fbcdn.net\/images\/emoji.php\/v9\/t6d\/1\/16\/1f973.png\"> !<\/p>\n\n\n\n<p>Pour y avoir acc\u00e8s, il suffit de \ud835\udc2c\ud835\udc1c\ud835\udc1a\ud835\udc27\ud835\udc27\ud835\udc1e\ud835\udc2b \ud835\udc25\ud835\udc1e \ud835\udc10\ud835\udc11 \ud835\udc02\ud835\udc0e\ud835\udc03\ud835\udc04 <img loading=\"lazy\" decoding=\"async\" height=\"16\" width=\"16\" alt=\"\ud83d\udcf1\" src=\"https:\/\/static.xx.fbcdn.net\/images\/emoji.php\/v9\/t57\/1\/16\/1f4f1.png\">et le tour est jou\u00e9 <img loading=\"lazy\" decoding=\"async\" height=\"16\" width=\"16\" alt=\"\ud83d\ude01\" src=\"https:\/\/static.xx.fbcdn.net\/images\/emoji.php\/v9\/t4f\/1\/16\/1f601.png\"> !<\/p>\n\n\n\n<p>\uff21 \uff42\uff49\uff45\uff4e\uff54\u00f4\uff54 <img loading=\"lazy\" decoding=\"async\" height=\"16\" width=\"16\" alt=\"\ud83d\udc4b\" src=\"https:\/\/static.xx.fbcdn.net\/images\/emoji.php\/v9\/tfa\/1\/16\/1f44b.png\"> \uff01<\/p>\n","protected":false},"excerpt":{"rendered":"<p>[ \ud835\udd4a\ud835\udd3c\u2102\ud835\udd4b\ud835\udd3c\ud835\udd4c\u211d \ud835\udd3d\ud835\udd38\ud835\udd44\ud835\udd40\ud835\udd43\ud835\udd43\ud835\udd3c ] \u275d\ud835\udc0b&rsquo;\u00e9\ud835\udc2d\u00e9 \ud835\udc1e\ud835\udc27 \ud835\udc1f\ud835\udc1a\ud835\udc26\ud835\udc22\ud835\udc25\ud835\udc25\ud835\udc1e\ud835\udc2c\u275e Vous recherchez des \ud835\ude8a\ud835\ude8c\ud835\ude9d\ud835\ude92\ud835\ude9f\ud835\ude92\ud835\ude9d\u00e9\ud835\ude9c , des \ud835\ude68\ud835\ude64\ud835\ude67\ud835\ude69\ud835\ude5e\ud835\ude5a\ud835\ude68 ou tout simplement \ud835\udcc5\ud835\udcb6\ud835\udcc8\ud835\udcc8\ud835\udc52\ud835\udcc7 \ud835\udcca\ud835\udcc3 \ud835\udcc2\ud835\udc5c\ud835\udcc2\ud835\udc52\ud835\udcc3\ud835\udcc9 en famille ? Voici le \ud835\udd95\ud835\udd91\ud835\udd86\ud835\udd93\ud835\udd93\ud835\udd8e\ud835\udd93\ud835\udd8c de la saison estivale du \ud835\udd4a\ud835\udd3c\u2102\ud835\udd4b\ud835\udd3c\ud835\udd4c\u211d \ud835\udd3d\ud835\udd38\ud835\udd44\ud835\udd40\ud835\udd43\ud835\udd43\ud835\udd3c ! Pour y avoir acc\u00e8s, il suffit de \ud835\udc2c\ud835\udc1c\ud835\udc1a\ud835\udc27\ud835\udc27\ud835\udc1e\ud835\udc2b \ud835\udc25\ud835\udc1e \ud835\udc10\ud835\udc11 \ud835\udc02\ud835\udc0e\ud835\udc03\ud835\udc04 et le tour est jou\u00e9 ! \uff21 \uff42\uff49\uff45\uff4e\uff54\u00f4\uff54 \uff01<\/p>\n","protected":false},"author":1,"featured_media":8744,"comment_status":"open","ping_status":"open","sticky":false,"template":"","format":"standard","meta":{"_jetpack_memberships_contains_paid_content":false,"footnotes":"","jetpack_publicize_message":"","jetpack_publicize_feature_enabled":true,"jetpack_social_post_already_shared":true,"jetpack_social_options":{"image_generator_settings":{"template":"highway","default_image_id":0,"font":"","enabled":false},"version":2}},"categories":[1],"tags":[],"class_list":["post-8748","post","type-post","status-publish","format-standard","has-post-thumbnail","hentry","category-uncategorized"],"yoast_head":"<!-- This site is optimized with the Yoast SEO plugin v24.9 - https:\/\/yoast.com\/wordpress\/plugins\/seo\/ -->\n<title>Secteur Familles - Centre Socio-Culturel Coeur de Ville<\/title>\n<meta name=\"robots\" content=\"index, follow, max-snippet:-1, max-image-preview:large, max-video-preview:-1\" \/>\n<link rel=\"canonical\" href=\"https:\/\/cscestran.fr\/?p=8748\" \/>\n<meta property=\"og:locale\" content=\"fr_FR\" \/>\n<meta property=\"og:type\" content=\"article\" \/>\n<meta property=\"og:title\" content=\"Secteur Familles - Centre Socio-Culturel Coeur de Ville\" \/>\n<meta property=\"og:description\" content=\"[ \ud835\udd4a\ud835\udd3c\u2102\ud835\udd4b\ud835\udd3c\ud835\udd4c\u211d \ud835\udd3d\ud835\udd38\ud835\udd44\ud835\udd40\ud835\udd43\ud835\udd43\ud835\udd3c ] \u275d\ud835\udc0b&rsquo;\u00e9\ud835\udc2d\u00e9 \ud835\udc1e\ud835\udc27 \ud835\udc1f\ud835\udc1a\ud835\udc26\ud835\udc22\ud835\udc25\ud835\udc25\ud835\udc1e\ud835\udc2c\u275e Vous recherchez des \ud835\ude8a\ud835\ude8c\ud835\ude9d\ud835\ude92\ud835\ude9f\ud835\ude92\ud835\ude9d\u00e9\ud835\ude9c , des \ud835\ude68\ud835\ude64\ud835\ude67\ud835\ude69\ud835\ude5e\ud835\ude5a\ud835\ude68 ou tout simplement \ud835\udcc5\ud835\udcb6\ud835\udcc8\ud835\udcc8\ud835\udc52\ud835\udcc7 \ud835\udcca\ud835\udcc3 \ud835\udcc2\ud835\udc5c\ud835\udcc2\ud835\udc52\ud835\udcc3\ud835\udcc9 en famille ? Voici le \ud835\udd95\ud835\udd91\ud835\udd86\ud835\udd93\ud835\udd93\ud835\udd8e\ud835\udd93\ud835\udd8c de la saison estivale du \ud835\udd4a\ud835\udd3c\u2102\ud835\udd4b\ud835\udd3c\ud835\udd4c\u211d \ud835\udd3d\ud835\udd38\ud835\udd44\ud835\udd40\ud835\udd43\ud835\udd43\ud835\udd3c ! Pour y avoir acc\u00e8s, il suffit de \ud835\udc2c\ud835\udc1c\ud835\udc1a\ud835\udc27\ud835\udc27\ud835\udc1e\ud835\udc2b \ud835\udc25\ud835\udc1e \ud835\udc10\ud835\udc11 \ud835\udc02\ud835\udc0e\ud835\udc03\ud835\udc04 et le tour est jou\u00e9 ! \uff21 \uff42\uff49\uff45\uff4e\uff54\u00f4\uff54 \uff01\" \/>\n<meta property=\"og:url\" content=\"https:\/\/cscestran.fr\/?p=8748\" \/>\n<meta property=\"og:site_name\" content=\"Centre Socio-Culturel Coeur de Ville\" \/>\n<meta property=\"article:published_time\" content=\"2024-07-18T12:09:20+00:00\" \/>\n<meta property=\"article:modified_time\" content=\"2024-07-18T12:09:22+00:00\" \/>\n<meta property=\"og:image\" content=\"https:\/\/cscestran.fr\/wp-content\/uploads\/2024\/07\/450866395_823775526607784_7314809490806588176_n.jpg\" \/>\n\t<meta property=\"og:image:width\" content=\"1414\" \/>\n\t<meta property=\"og:image:height\" content=\"2000\" \/>\n\t<meta property=\"og:image:type\" content=\"image\/jpeg\" \/>\n<meta name=\"author\" content=\"admin\" \/>\n<meta name=\"twitter:card\" content=\"summary_large_image\" \/>\n<meta name=\"twitter:label1\" content=\"\u00c9crit par\" \/>\n\t<meta name=\"twitter:data1\" content=\"admin\" \/>\n\t<meta name=\"twitter:label2\" content=\"Dur\u00e9e de lecture estim\u00e9e\" \/>\n\t<meta name=\"twitter:data2\" content=\"3 minutes\" \/>\n<script type=\"application\/ld+json\" class=\"yoast-schema-graph\">{\"@context\":\"https:\/\/schema.org\",\"@graph\":[{\"@type\":\"Article\",\"@id\":\"https:\/\/cscestran.fr\/?p=8748#article\",\"isPartOf\":{\"@id\":\"https:\/\/cscestran.fr\/?p=8748\"},\"author\":{\"name\":\"admin\",\"@id\":\"https:\/\/cscestran.fr\/#\/schema\/person\/ffe9679d455144a2a947b0cacb08b52a\"},\"headline\":\"Secteur Familles\",\"datePublished\":\"2024-07-18T12:09:20+00:00\",\"dateModified\":\"2024-07-18T12:09:22+00:00\",\"mainEntityOfPage\":{\"@id\":\"https:\/\/cscestran.fr\/?p=8748\"},\"wordCount\":32,\"commentCount\":0,\"publisher\":{\"@id\":\"https:\/\/cscestran.fr\/#organization\"},\"image\":{\"@id\":\"https:\/\/cscestran.fr\/?p=8748#primaryimage\"},\"thumbnailUrl\":\"https:\/\/cscestran.fr\/wp-content\/uploads\/2024\/07\/450866395_823775526607784_7314809490806588176_n.jpg\",\"articleSection\":[\"Uncategorized\"],\"inLanguage\":\"fr-FR\",\"potentialAction\":[{\"@type\":\"CommentAction\",\"name\":\"Comment\",\"target\":[\"https:\/\/cscestran.fr\/?p=8748#respond\"]}]},{\"@type\":\"WebPage\",\"@id\":\"https:\/\/cscestran.fr\/?p=8748\",\"url\":\"https:\/\/cscestran.fr\/?p=8748\",\"name\":\"Secteur Familles - Centre Socio-Culturel Coeur de Ville\",\"isPartOf\":{\"@id\":\"https:\/\/cscestran.fr\/#website\"},\"primaryImageOfPage\":{\"@id\":\"https:\/\/cscestran.fr\/?p=8748#primaryimage\"},\"image\":{\"@id\":\"https:\/\/cscestran.fr\/?p=8748#primaryimage\"},\"thumbnailUrl\":\"https:\/\/cscestran.fr\/wp-content\/uploads\/2024\/07\/450866395_823775526607784_7314809490806588176_n.jpg\",\"datePublished\":\"2024-07-18T12:09:20+00:00\",\"dateModified\":\"2024-07-18T12:09:22+00:00\",\"breadcrumb\":{\"@id\":\"https:\/\/cscestran.fr\/?p=8748#breadcrumb\"},\"inLanguage\":\"fr-FR\",\"potentialAction\":[{\"@type\":\"ReadAction\",\"target\":[\"https:\/\/cscestran.fr\/?p=8748\"]}]},{\"@type\":\"ImageObject\",\"inLanguage\":\"fr-FR\",\"@id\":\"https:\/\/cscestran.fr\/?p=8748#primaryimage\",\"url\":\"https:\/\/cscestran.fr\/wp-content\/uploads\/2024\/07\/450866395_823775526607784_7314809490806588176_n.jpg\",\"contentUrl\":\"https:\/\/cscestran.fr\/wp-content\/uploads\/2024\/07\/450866395_823775526607784_7314809490806588176_n.jpg\",\"width\":1414,\"height\":2000},{\"@type\":\"BreadcrumbList\",\"@id\":\"https:\/\/cscestran.fr\/?p=8748#breadcrumb\",\"itemListElement\":[{\"@type\":\"ListItem\",\"position\":1,\"name\":\"Accueil\",\"item\":\"https:\/\/cscestran.fr\/\"},{\"@type\":\"ListItem\",\"position\":2,\"name\":\"Secteur Familles\"}]},{\"@type\":\"WebSite\",\"@id\":\"https:\/\/cscestran.fr\/#website\",\"url\":\"https:\/\/cscestran.fr\/\",\"name\":\"Centre Socio-Culturel Coeur de Ville\",\"description\":\"\",\"publisher\":{\"@id\":\"https:\/\/cscestran.fr\/#organization\"},\"potentialAction\":[{\"@type\":\"SearchAction\",\"target\":{\"@type\":\"EntryPoint\",\"urlTemplate\":\"https:\/\/cscestran.fr\/?s={search_term_string}\"},\"query-input\":{\"@type\":\"PropertyValueSpecification\",\"valueRequired\":true,\"valueName\":\"search_term_string\"}}],\"inLanguage\":\"fr-FR\"},{\"@type\":\"Organization\",\"@id\":\"https:\/\/cscestran.fr\/#organization\",\"name\":\"Centre Socio-Culturel Coeur de Ville\",\"url\":\"https:\/\/cscestran.fr\/\",\"logo\":{\"@type\":\"ImageObject\",\"inLanguage\":\"fr-FR\",\"@id\":\"https:\/\/cscestran.fr\/#\/schema\/logo\/image\/\",\"url\":\"https:\/\/cscestran.fr\/wp-content\/uploads\/2024\/07\/cropped-logo.png\",\"contentUrl\":\"https:\/\/cscestran.fr\/wp-content\/uploads\/2024\/07\/cropped-logo.png\",\"width\":167,\"height\":167,\"caption\":\"Centre Socio-Culturel Coeur de Ville\"},\"image\":{\"@id\":\"https:\/\/cscestran.fr\/#\/schema\/logo\/image\/\"}},{\"@type\":\"Person\",\"@id\":\"https:\/\/cscestran.fr\/#\/schema\/person\/ffe9679d455144a2a947b0cacb08b52a\",\"name\":\"admin\",\"image\":{\"@type\":\"ImageObject\",\"inLanguage\":\"fr-FR\",\"@id\":\"https:\/\/cscestran.fr\/#\/schema\/person\/image\/\",\"url\":\"https:\/\/secure.gravatar.com\/avatar\/259e9308f79c7fb2cbcafae2c3b6b219f2563d7edf5313eadfd4f525281ed951?s=96&d=mm&r=g\",\"contentUrl\":\"https:\/\/secure.gravatar.com\/avatar\/259e9308f79c7fb2cbcafae2c3b6b219f2563d7edf5313eadfd4f525281ed951?s=96&d=mm&r=g\",\"caption\":\"admin\"},\"sameAs\":[\"https:\/\/cscestran.fr\"],\"url\":\"https:\/\/cscestran.fr\/?author=1\"}]}<\/script>\n<!-- \/ Yoast SEO plugin. -->","yoast_head_json":{"title":"Secteur Familles - Centre Socio-Culturel Coeur de Ville","robots":{"index":"index","follow":"follow","max-snippet":"max-snippet:-1","max-image-preview":"max-image-preview:large","max-video-preview":"max-video-preview:-1"},"canonical":"https:\/\/cscestran.fr\/?p=8748","og_locale":"fr_FR","og_type":"article","og_title":"Secteur Familles - Centre Socio-Culturel Coeur de Ville","og_description":"[ \ud835\udd4a\ud835\udd3c\u2102\ud835\udd4b\ud835\udd3c\ud835\udd4c\u211d \ud835\udd3d\ud835\udd38\ud835\udd44\ud835\udd40\ud835\udd43\ud835\udd43\ud835\udd3c ] \u275d\ud835\udc0b&rsquo;\u00e9\ud835\udc2d\u00e9 \ud835\udc1e\ud835\udc27 \ud835\udc1f\ud835\udc1a\ud835\udc26\ud835\udc22\ud835\udc25\ud835\udc25\ud835\udc1e\ud835\udc2c\u275e Vous recherchez des \ud835\ude8a\ud835\ude8c\ud835\ude9d\ud835\ude92\ud835\ude9f\ud835\ude92\ud835\ude9d\u00e9\ud835\ude9c , des \ud835\ude68\ud835\ude64\ud835\ude67\ud835\ude69\ud835\ude5e\ud835\ude5a\ud835\ude68 ou tout simplement \ud835\udcc5\ud835\udcb6\ud835\udcc8\ud835\udcc8\ud835\udc52\ud835\udcc7 \ud835\udcca\ud835\udcc3 \ud835\udcc2\ud835\udc5c\ud835\udcc2\ud835\udc52\ud835\udcc3\ud835\udcc9 en famille ? Voici le \ud835\udd95\ud835\udd91\ud835\udd86\ud835\udd93\ud835\udd93\ud835\udd8e\ud835\udd93\ud835\udd8c de la saison estivale du \ud835\udd4a\ud835\udd3c\u2102\ud835\udd4b\ud835\udd3c\ud835\udd4c\u211d \ud835\udd3d\ud835\udd38\ud835\udd44\ud835\udd40\ud835\udd43\ud835\udd43\ud835\udd3c ! Pour y avoir acc\u00e8s, il suffit de \ud835\udc2c\ud835\udc1c\ud835\udc1a\ud835\udc27\ud835\udc27\ud835\udc1e\ud835\udc2b \ud835\udc25\ud835\udc1e \ud835\udc10\ud835\udc11 \ud835\udc02\ud835\udc0e\ud835\udc03\ud835\udc04 et le tour est jou\u00e9 ! \uff21 \uff42\uff49\uff45\uff4e\uff54\u00f4\uff54 \uff01","og_url":"https:\/\/cscestran.fr\/?p=8748","og_site_name":"Centre Socio-Culturel Coeur de Ville","article_published_time":"2024-07-18T12:09:20+00:00","article_modified_time":"2024-07-18T12:09:22+00:00","og_image":[{"width":1414,"height":2000,"url":"https:\/\/cscestran.fr\/wp-content\/uploads\/2024\/07\/450866395_823775526607784_7314809490806588176_n.jpg","type":"image\/jpeg"}],"author":"admin","twitter_card":"summary_large_image","twitter_misc":{"\u00c9crit par":"admin","Dur\u00e9e de lecture estim\u00e9e":"3 minutes"},"schema":{"@context":"https:\/\/schema.org","@graph":[{"@type":"Article","@id":"https:\/\/cscestran.fr\/?p=8748#article","isPartOf":{"@id":"https:\/\/cscestran.fr\/?p=8748"},"author":{"name":"admin","@id":"https:\/\/cscestran.fr\/#\/schema\/person\/ffe9679d455144a2a947b0cacb08b52a"},"headline":"Secteur Familles","datePublished":"2024-07-18T12:09:20+00:00","dateModified":"2024-07-18T12:09:22+00:00","mainEntityOfPage":{"@id":"https:\/\/cscestran.fr\/?p=8748"},"wordCount":32,"commentCount":0,"publisher":{"@id":"https:\/\/cscestran.fr\/#organization"},"image":{"@id":"https:\/\/cscestran.fr\/?p=8748#primaryimage"},"thumbnailUrl":"https:\/\/cscestran.fr\/wp-content\/uploads\/2024\/07\/450866395_823775526607784_7314809490806588176_n.jpg","articleSection":["Uncategorized"],"inLanguage":"fr-FR","potentialAction":[{"@type":"CommentAction","name":"Comment","target":["https:\/\/cscestran.fr\/?p=8748#respond"]}]},{"@type":"WebPage","@id":"https:\/\/cscestran.fr\/?p=8748","url":"https:\/\/cscestran.fr\/?p=8748","name":"Secteur Familles - Centre Socio-Culturel Coeur de Ville","isPartOf":{"@id":"https:\/\/cscestran.fr\/#website"},"primaryImageOfPage":{"@id":"https:\/\/cscestran.fr\/?p=8748#primaryimage"},"image":{"@id":"https:\/\/cscestran.fr\/?p=8748#primaryimage"},"thumbnailUrl":"https:\/\/cscestran.fr\/wp-content\/uploads\/2024\/07\/450866395_823775526607784_7314809490806588176_n.jpg","datePublished":"2024-07-18T12:09:20+00:00","dateModified":"2024-07-18T12:09:22+00:00","breadcrumb":{"@id":"https:\/\/cscestran.fr\/?p=8748#breadcrumb"},"inLanguage":"fr-FR","potentialAction":[{"@type":"ReadAction","target":["https:\/\/cscestran.fr\/?p=8748"]}]},{"@type":"ImageObject","inLanguage":"fr-FR","@id":"https:\/\/cscestran.fr\/?p=8748#primaryimage","url":"https:\/\/cscestran.fr\/wp-content\/uploads\/2024\/07\/450866395_823775526607784_7314809490806588176_n.jpg","contentUrl":"https:\/\/cscestran.fr\/wp-content\/uploads\/2024\/07\/450866395_823775526607784_7314809490806588176_n.jpg","width":1414,"height":2000},{"@type":"BreadcrumbList","@id":"https:\/\/cscestran.fr\/?p=8748#breadcrumb","itemListElement":[{"@type":"ListItem","position":1,"name":"Accueil","item":"https:\/\/cscestran.fr\/"},{"@type":"ListItem","position":2,"name":"Secteur Familles"}]},{"@type":"WebSite","@id":"https:\/\/cscestran.fr\/#website","url":"https:\/\/cscestran.fr\/","name":"Centre Socio-Culturel Coeur de Ville","description":"","publisher":{"@id":"https:\/\/cscestran.fr\/#organization"},"potentialAction":[{"@type":"SearchAction","target":{"@type":"EntryPoint","urlTemplate":"https:\/\/cscestran.fr\/?s={search_term_string}"},"query-input":{"@type":"PropertyValueSpecification","valueRequired":true,"valueName":"search_term_string"}}],"inLanguage":"fr-FR"},{"@type":"Organization","@id":"https:\/\/cscestran.fr\/#organization","name":"Centre Socio-Culturel Coeur de Ville","url":"https:\/\/cscestran.fr\/","logo":{"@type":"ImageObject","inLanguage":"fr-FR","@id":"https:\/\/cscestran.fr\/#\/schema\/logo\/image\/","url":"https:\/\/cscestran.fr\/wp-content\/uploads\/2024\/07\/cropped-logo.png","contentUrl":"https:\/\/cscestran.fr\/wp-content\/uploads\/2024\/07\/cropped-logo.png","width":167,"height":167,"caption":"Centre Socio-Culturel Coeur de Ville"},"image":{"@id":"https:\/\/cscestran.fr\/#\/schema\/logo\/image\/"}},{"@type":"Person","@id":"https:\/\/cscestran.fr\/#\/schema\/person\/ffe9679d455144a2a947b0cacb08b52a","name":"admin","image":{"@type":"ImageObject","inLanguage":"fr-FR","@id":"https:\/\/cscestran.fr\/#\/schema\/person\/image\/","url":"https:\/\/secure.gravatar.com\/avatar\/259e9308f79c7fb2cbcafae2c3b6b219f2563d7edf5313eadfd4f525281ed951?s=96&d=mm&r=g","contentUrl":"https:\/\/secure.gravatar.com\/avatar\/259e9308f79c7fb2cbcafae2c3b6b219f2563d7edf5313eadfd4f525281ed951?s=96&d=mm&r=g","caption":"admin"},"sameAs":["https:\/\/cscestran.fr"],"url":"https:\/\/cscestran.fr\/?author=1"}]}},"jetpack_publicize_connections":[],"jetpack_featured_media_url":"https:\/\/cscestran.fr\/wp-content\/uploads\/2024\/07\/450866395_823775526607784_7314809490806588176_n.jpg","jetpack_likes_enabled":true,"jetpack_sharing_enabled":true,"_links":{"self":[{"href":"https:\/\/cscestran.fr\/index.php?rest_route=\/wp\/v2\/posts\/8748","targetHints":{"allow":["GET"]}}],"collection":[{"href":"https:\/\/cscestran.fr\/index.php?rest_route=\/wp\/v2\/posts"}],"about":[{"href":"https:\/\/cscestran.fr\/index.php?rest_route=\/wp\/v2\/types\/post"}],"author":[{"embeddable":true,"href":"https:\/\/cscestran.fr\/index.php?rest_route=\/wp\/v2\/users\/1"}],"replies":[{"embeddable":true,"href":"https:\/\/cscestran.fr\/index.php?rest_route=%2Fwp%2Fv2%2Fcomments&post=8748"}],"version-history":[{"count":1,"href":"https:\/\/cscestran.fr\/index.php?rest_route=\/wp\/v2\/posts\/8748\/revisions"}],"predecessor-version":[{"id":8750,"href":"https:\/\/cscestran.fr\/index.php?rest_route=\/wp\/v2\/posts\/8748\/revisions\/8750"}],"wp:featuredmedia":[{"embeddable":true,"href":"https:\/\/cscestran.fr\/index.php?rest_route=\/wp\/v2\/media\/8744"}],"wp:attachment":[{"href":"https:\/\/cscestran.fr\/index.php?rest_route=%2Fwp%2Fv2%2Fmedia&parent=8748"}],"wp:term":[{"taxonomy":"category","embeddable":true,"href":"https:\/\/cscestran.fr\/index.php?rest_route=%2Fwp%2Fv2%2Fcategories&post=8748"},{"taxonomy":"post_tag","embeddable":true,"href":"https:\/\/cscestran.fr\/index.php?rest_route=%2Fwp%2Fv2%2Ftags&post=8748"}],"curies":[{"name":"wp","href":"https:\/\/api.w.org\/{rel}","templated":true}]}}