{"id":8859,"date":"2024-10-07T07:32:13","date_gmt":"2024-10-07T07:32:13","guid":{"rendered":"https:\/\/cscestran.fr\/?p=8859"},"modified":"2024-10-07T07:32:14","modified_gmt":"2024-10-07T07:32:14","slug":"8859","status":"publish","type":"post","link":"https:\/\/cscestran.fr\/?p=8859","title":{"rendered":""},"content":{"rendered":"\n<p>[ Octobre Rose ]<\/p>\n\n\n\n<p>Chausser des baskets et venir soutenir la lutte contre le cancer du sein dans le cadre d&rsquo;Octobre Rose !<\/p>\n\n\n\n<p>Cela vous dit?<\/p>\n\n\n\n<p>Alors on se donne rendez-vous pour une Marche Solidaire Vendredi 11 octobre ( d\u00e9part \u00e0 14h). Une participation de 2 \u20ac sera demand\u00e9e , les fonds seront revers\u00e9s aux associations de lutte contre le cancer.<\/p>\n\n\n\n<p><a href=\"https:\/\/www.facebook.com\/photo\/?fbid=878905821094754&amp;set=a.421665076818833&amp;__cft__[0]=AZXvCy673PEHswAIAXtT74Qq_eYpdxCogqpI7WbmHi0Qp-Tgj12W7x6_4fivCMDbMWfqjrTmOT7FLd-FA4SnnJWJEzFikt_XVnEX_6bXElxGvirvXvAH8GZO6G1eDT4ih5C7gQ77cAA6tql-uZ7pGeV7QUmRoWPWlUl81bV1PcTfxiwX7EVuPm8XLRkDPOTsgMs&amp;__tn__=EH-R\"><\/a><\/p>\n\n\n\n<figure class=\"wp-block-image\"><a href=\"https:\/\/www.facebook.com\/photo\/?fbid=878905821094754&amp;set=a.421665076818833&amp;__cft__[0]=AZXvCy673PEHswAIAXtT74Qq_eYpdxCogqpI7WbmHi0Qp-Tgj12W7x6_4fivCMDbMWfqjrTmOT7FLd-FA4SnnJWJEzFikt_XVnEX_6bXElxGvirvXvAH8GZO6G1eDT4ih5C7gQ77cAA6tql-uZ7pGeV7QUmRoWPWlUl81bV1PcTfxiwX7EVuPm8XLRkDPOTsgMs&amp;__tn__=EH-R\"><img decoding=\"async\" src=\"https:\/\/scontent.fcdg1-1.fna.fbcdn.net\/v\/t39.30808-6\/461847507_878810671104269_6908506600659715311_n.jpg?stp=dst-jpg_s720x720&amp;_nc_cat=100&amp;ccb=1-7&amp;_nc_sid=127cfc&amp;_nc_ohc=QAHXbTzeN1QQ7kNvgHuPqJk&amp;_nc_ht=scontent.fcdg1-1.fna&amp;_nc_gid=AO1jcKu9_1wcLjXe6v6egdH&amp;oh=00_AYDCMc86EG-cYFS7NUXThbjv4UYejPUZQ8dkmFwb4VYm6Q&amp;oe=67097462\" alt=\"Peut \u00eatre une image de \u200e2 personnes et \u200etexte qui dit \u2019\u200eMOBILISONS-NOUS POUR OCTO ROSE MARCHONS ENSEMBLE VENDREDI 11 OCTOBRE 2024 VENTE DE GOODIES DES 14H00 RDV AU CENTRE SOCIO CULTUREL 2\u20ac L'INSCRIPTION* *LES FONDS RECOLTES SERONT SERONTREVERSES REVERSES AUX ASSOCIATIONS DE LUTTE CONTREL ELUTTECONTRELE LE CANCER coeur de vile Renseignements au 03\/28\/24\/51\/91 hilpe RAND-FORT-PHILUPPE Nord \u65e5\u3085pait\u304b\u304a\u304dn\u3059 HOCITO SESINE \u0e15 \u0646 Nu\u200e\u2019\u200e\u200e\"\/><\/a><\/figure>\n\n\n\n<p><\/p>\n","protected":false},"excerpt":{"rendered":"<p>[ Octobre Rose ] Chausser des baskets et venir soutenir la lutte contre le cancer du sein dans le cadre d&rsquo;Octobre Rose ! Cela vous dit? Alors on se donne rendez-vous pour une Marche Solidaire Vendredi 11 octobre ( d\u00e9part \u00e0 14h). Une participation de 2 \u20ac sera demand\u00e9e , les fonds seront revers\u00e9s aux [&hellip;]<\/p>\n","protected":false},"author":1,"featured_media":8860,"comment_status":"open","ping_status":"open","sticky":false,"template":"","format":"standard","meta":{"_jetpack_memberships_contains_paid_content":false,"footnotes":"","jetpack_publicize_message":"","jetpack_publicize_feature_enabled":true,"jetpack_social_post_already_shared":true,"jetpack_social_options":{"image_generator_settings":{"template":"highway","default_image_id":0,"font":"","enabled":false},"version":2}},"categories":[1],"tags":[],"class_list":["post-8859","post","type-post","status-publish","format-standard","has-post-thumbnail","hentry","category-uncategorized"],"yoast_head":"<!-- This site is optimized with the Yoast SEO plugin v24.9 - https:\/\/yoast.com\/wordpress\/plugins\/seo\/ -->\n<title>- Centre Socio-Culturel Coeur de Ville<\/title>\n<meta name=\"robots\" content=\"index, follow, max-snippet:-1, max-image-preview:large, max-video-preview:-1\" \/>\n<link rel=\"canonical\" href=\"https:\/\/cscestran.fr\/?p=8859\" \/>\n<meta property=\"og:locale\" content=\"fr_FR\" \/>\n<meta property=\"og:type\" content=\"article\" \/>\n<meta property=\"og:title\" content=\"- Centre Socio-Culturel Coeur de Ville\" \/>\n<meta property=\"og:description\" content=\"[ Octobre Rose ] Chausser des baskets et venir soutenir la lutte contre le cancer du sein dans le cadre d&rsquo;Octobre Rose ! Cela vous dit? Alors on se donne rendez-vous pour une Marche Solidaire Vendredi 11 octobre ( d\u00e9part \u00e0 14h). Une participation de 2 \u20ac sera demand\u00e9e , les fonds seront revers\u00e9s aux [&hellip;]\" \/>\n<meta property=\"og:url\" content=\"https:\/\/cscestran.fr\/?p=8859\" \/>\n<meta property=\"og:site_name\" content=\"Centre Socio-Culturel Coeur de Ville\" \/>\n<meta property=\"article:published_time\" content=\"2024-10-07T07:32:13+00:00\" \/>\n<meta property=\"article:modified_time\" content=\"2024-10-07T07:32:14+00:00\" \/>\n<meta property=\"og:image\" content=\"https:\/\/cscestran.fr\/wp-content\/uploads\/2024\/10\/Pink-Photo-Breast-Cancer-Awareness-Month-Flyer.png\" \/>\n\t<meta property=\"og:image:width\" content=\"1414\" \/>\n\t<meta property=\"og:image:height\" content=\"2000\" \/>\n\t<meta property=\"og:image:type\" content=\"image\/png\" \/>\n<meta name=\"author\" content=\"admin\" \/>\n<meta name=\"twitter:card\" content=\"summary_large_image\" \/>\n<meta name=\"twitter:label1\" content=\"\u00c9crit par\" \/>\n\t<meta name=\"twitter:data1\" content=\"admin\" \/>\n\t<meta name=\"twitter:label2\" content=\"Dur\u00e9e de lecture estim\u00e9e\" \/>\n\t<meta name=\"twitter:data2\" content=\"1 minute\" \/>\n<script type=\"application\/ld+json\" class=\"yoast-schema-graph\">{\"@context\":\"https:\/\/schema.org\",\"@graph\":[{\"@type\":\"Article\",\"@id\":\"https:\/\/cscestran.fr\/?p=8859#article\",\"isPartOf\":{\"@id\":\"https:\/\/cscestran.fr\/?p=8859\"},\"author\":{\"name\":\"admin\",\"@id\":\"https:\/\/cscestran.fr\/#\/schema\/person\/ffe9679d455144a2a947b0cacb08b52a\"},\"headline\":\"Aucun titre\",\"datePublished\":\"2024-10-07T07:32:13+00:00\",\"dateModified\":\"2024-10-07T07:32:14+00:00\",\"mainEntityOfPage\":{\"@id\":\"https:\/\/cscestran.fr\/?p=8859\"},\"wordCount\":55,\"commentCount\":0,\"publisher\":{\"@id\":\"https:\/\/cscestran.fr\/#organization\"},\"image\":{\"@id\":\"https:\/\/cscestran.fr\/?p=8859#primaryimage\"},\"thumbnailUrl\":\"https:\/\/cscestran.fr\/wp-content\/uploads\/2024\/10\/Pink-Photo-Breast-Cancer-Awareness-Month-Flyer.png\",\"articleSection\":[\"Uncategorized\"],\"inLanguage\":\"fr-FR\",\"potentialAction\":[{\"@type\":\"CommentAction\",\"name\":\"Comment\",\"target\":[\"https:\/\/cscestran.fr\/?p=8859#respond\"]}]},{\"@type\":\"WebPage\",\"@id\":\"https:\/\/cscestran.fr\/?p=8859\",\"url\":\"https:\/\/cscestran.fr\/?p=8859\",\"name\":\"- Centre Socio-Culturel Coeur de Ville\",\"isPartOf\":{\"@id\":\"https:\/\/cscestran.fr\/#website\"},\"primaryImageOfPage\":{\"@id\":\"https:\/\/cscestran.fr\/?p=8859#primaryimage\"},\"image\":{\"@id\":\"https:\/\/cscestran.fr\/?p=8859#primaryimage\"},\"thumbnailUrl\":\"https:\/\/cscestran.fr\/wp-content\/uploads\/2024\/10\/Pink-Photo-Breast-Cancer-Awareness-Month-Flyer.png\",\"datePublished\":\"2024-10-07T07:32:13+00:00\",\"dateModified\":\"2024-10-07T07:32:14+00:00\",\"inLanguage\":\"fr-FR\",\"potentialAction\":[{\"@type\":\"ReadAction\",\"target\":[\"https:\/\/cscestran.fr\/?p=8859\"]}]},{\"@type\":\"ImageObject\",\"inLanguage\":\"fr-FR\",\"@id\":\"https:\/\/cscestran.fr\/?p=8859#primaryimage\",\"url\":\"https:\/\/cscestran.fr\/wp-content\/uploads\/2024\/10\/Pink-Photo-Breast-Cancer-Awareness-Month-Flyer.png\",\"contentUrl\":\"https:\/\/cscestran.fr\/wp-content\/uploads\/2024\/10\/Pink-Photo-Breast-Cancer-Awareness-Month-Flyer.png\",\"width\":1414,\"height\":2000},{\"@type\":\"WebSite\",\"@id\":\"https:\/\/cscestran.fr\/#website\",\"url\":\"https:\/\/cscestran.fr\/\",\"name\":\"Centre Socio-Culturel Coeur de Ville\",\"description\":\"\",\"publisher\":{\"@id\":\"https:\/\/cscestran.fr\/#organization\"},\"potentialAction\":[{\"@type\":\"SearchAction\",\"target\":{\"@type\":\"EntryPoint\",\"urlTemplate\":\"https:\/\/cscestran.fr\/?s={search_term_string}\"},\"query-input\":{\"@type\":\"PropertyValueSpecification\",\"valueRequired\":true,\"valueName\":\"search_term_string\"}}],\"inLanguage\":\"fr-FR\"},{\"@type\":\"Organization\",\"@id\":\"https:\/\/cscestran.fr\/#organization\",\"name\":\"Centre Socio-Culturel Coeur de Ville\",\"url\":\"https:\/\/cscestran.fr\/\",\"logo\":{\"@type\":\"ImageObject\",\"inLanguage\":\"fr-FR\",\"@id\":\"https:\/\/cscestran.fr\/#\/schema\/logo\/image\/\",\"url\":\"https:\/\/cscestran.fr\/wp-content\/uploads\/2024\/07\/cropped-logo.png\",\"contentUrl\":\"https:\/\/cscestran.fr\/wp-content\/uploads\/2024\/07\/cropped-logo.png\",\"width\":167,\"height\":167,\"caption\":\"Centre Socio-Culturel Coeur de Ville\"},\"image\":{\"@id\":\"https:\/\/cscestran.fr\/#\/schema\/logo\/image\/\"}},{\"@type\":\"Person\",\"@id\":\"https:\/\/cscestran.fr\/#\/schema\/person\/ffe9679d455144a2a947b0cacb08b52a\",\"name\":\"admin\",\"image\":{\"@type\":\"ImageObject\",\"inLanguage\":\"fr-FR\",\"@id\":\"https:\/\/cscestran.fr\/#\/schema\/person\/image\/\",\"url\":\"https:\/\/secure.gravatar.com\/avatar\/259e9308f79c7fb2cbcafae2c3b6b219f2563d7edf5313eadfd4f525281ed951?s=96&d=mm&r=g\",\"contentUrl\":\"https:\/\/secure.gravatar.com\/avatar\/259e9308f79c7fb2cbcafae2c3b6b219f2563d7edf5313eadfd4f525281ed951?s=96&d=mm&r=g\",\"caption\":\"admin\"},\"sameAs\":[\"https:\/\/cscestran.fr\"],\"url\":\"https:\/\/cscestran.fr\/?author=1\"}]}<\/script>\n<!-- \/ Yoast SEO plugin. -->","yoast_head_json":{"title":"- Centre Socio-Culturel Coeur de Ville","robots":{"index":"index","follow":"follow","max-snippet":"max-snippet:-1","max-image-preview":"max-image-preview:large","max-video-preview":"max-video-preview:-1"},"canonical":"https:\/\/cscestran.fr\/?p=8859","og_locale":"fr_FR","og_type":"article","og_title":"- Centre Socio-Culturel Coeur de Ville","og_description":"[ Octobre Rose ] Chausser des baskets et venir soutenir la lutte contre le cancer du sein dans le cadre d&rsquo;Octobre Rose ! Cela vous dit? Alors on se donne rendez-vous pour une Marche Solidaire Vendredi 11 octobre ( d\u00e9part \u00e0 14h). Une participation de 2 \u20ac sera demand\u00e9e , les fonds seront revers\u00e9s aux [&hellip;]","og_url":"https:\/\/cscestran.fr\/?p=8859","og_site_name":"Centre Socio-Culturel Coeur de Ville","article_published_time":"2024-10-07T07:32:13+00:00","article_modified_time":"2024-10-07T07:32:14+00:00","og_image":[{"width":1414,"height":2000,"url":"https:\/\/cscestran.fr\/wp-content\/uploads\/2024\/10\/Pink-Photo-Breast-Cancer-Awareness-Month-Flyer.png","type":"image\/png"}],"author":"admin","twitter_card":"summary_large_image","twitter_misc":{"\u00c9crit par":"admin","Dur\u00e9e de lecture estim\u00e9e":"1 minute"},"schema":{"@context":"https:\/\/schema.org","@graph":[{"@type":"Article","@id":"https:\/\/cscestran.fr\/?p=8859#article","isPartOf":{"@id":"https:\/\/cscestran.fr\/?p=8859"},"author":{"name":"admin","@id":"https:\/\/cscestran.fr\/#\/schema\/person\/ffe9679d455144a2a947b0cacb08b52a"},"headline":"Aucun titre","datePublished":"2024-10-07T07:32:13+00:00","dateModified":"2024-10-07T07:32:14+00:00","mainEntityOfPage":{"@id":"https:\/\/cscestran.fr\/?p=8859"},"wordCount":55,"commentCount":0,"publisher":{"@id":"https:\/\/cscestran.fr\/#organization"},"image":{"@id":"https:\/\/cscestran.fr\/?p=8859#primaryimage"},"thumbnailUrl":"https:\/\/cscestran.fr\/wp-content\/uploads\/2024\/10\/Pink-Photo-Breast-Cancer-Awareness-Month-Flyer.png","articleSection":["Uncategorized"],"inLanguage":"fr-FR","potentialAction":[{"@type":"CommentAction","name":"Comment","target":["https:\/\/cscestran.fr\/?p=8859#respond"]}]},{"@type":"WebPage","@id":"https:\/\/cscestran.fr\/?p=8859","url":"https:\/\/cscestran.fr\/?p=8859","name":"- Centre Socio-Culturel Coeur de Ville","isPartOf":{"@id":"https:\/\/cscestran.fr\/#website"},"primaryImageOfPage":{"@id":"https:\/\/cscestran.fr\/?p=8859#primaryimage"},"image":{"@id":"https:\/\/cscestran.fr\/?p=8859#primaryimage"},"thumbnailUrl":"https:\/\/cscestran.fr\/wp-content\/uploads\/2024\/10\/Pink-Photo-Breast-Cancer-Awareness-Month-Flyer.png","datePublished":"2024-10-07T07:32:13+00:00","dateModified":"2024-10-07T07:32:14+00:00","inLanguage":"fr-FR","potentialAction":[{"@type":"ReadAction","target":["https:\/\/cscestran.fr\/?p=8859"]}]},{"@type":"ImageObject","inLanguage":"fr-FR","@id":"https:\/\/cscestran.fr\/?p=8859#primaryimage","url":"https:\/\/cscestran.fr\/wp-content\/uploads\/2024\/10\/Pink-Photo-Breast-Cancer-Awareness-Month-Flyer.png","contentUrl":"https:\/\/cscestran.fr\/wp-content\/uploads\/2024\/10\/Pink-Photo-Breast-Cancer-Awareness-Month-Flyer.png","width":1414,"height":2000},{"@type":"WebSite","@id":"https:\/\/cscestran.fr\/#website","url":"https:\/\/cscestran.fr\/","name":"Centre Socio-Culturel Coeur de Ville","description":"","publisher":{"@id":"https:\/\/cscestran.fr\/#organization"},"potentialAction":[{"@type":"SearchAction","target":{"@type":"EntryPoint","urlTemplate":"https:\/\/cscestran.fr\/?s={search_term_string}"},"query-input":{"@type":"PropertyValueSpecification","valueRequired":true,"valueName":"search_term_string"}}],"inLanguage":"fr-FR"},{"@type":"Organization","@id":"https:\/\/cscestran.fr\/#organization","name":"Centre Socio-Culturel Coeur de Ville","url":"https:\/\/cscestran.fr\/","logo":{"@type":"ImageObject","inLanguage":"fr-FR","@id":"https:\/\/cscestran.fr\/#\/schema\/logo\/image\/","url":"https:\/\/cscestran.fr\/wp-content\/uploads\/2024\/07\/cropped-logo.png","contentUrl":"https:\/\/cscestran.fr\/wp-content\/uploads\/2024\/07\/cropped-logo.png","width":167,"height":167,"caption":"Centre Socio-Culturel Coeur de Ville"},"image":{"@id":"https:\/\/cscestran.fr\/#\/schema\/logo\/image\/"}},{"@type":"Person","@id":"https:\/\/cscestran.fr\/#\/schema\/person\/ffe9679d455144a2a947b0cacb08b52a","name":"admin","image":{"@type":"ImageObject","inLanguage":"fr-FR","@id":"https:\/\/cscestran.fr\/#\/schema\/person\/image\/","url":"https:\/\/secure.gravatar.com\/avatar\/259e9308f79c7fb2cbcafae2c3b6b219f2563d7edf5313eadfd4f525281ed951?s=96&d=mm&r=g","contentUrl":"https:\/\/secure.gravatar.com\/avatar\/259e9308f79c7fb2cbcafae2c3b6b219f2563d7edf5313eadfd4f525281ed951?s=96&d=mm&r=g","caption":"admin"},"sameAs":["https:\/\/cscestran.fr"],"url":"https:\/\/cscestran.fr\/?author=1"}]}},"jetpack_publicize_connections":[],"jetpack_featured_media_url":"https:\/\/cscestran.fr\/wp-content\/uploads\/2024\/10\/Pink-Photo-Breast-Cancer-Awareness-Month-Flyer.png","jetpack_likes_enabled":true,"jetpack_sharing_enabled":true,"_links":{"self":[{"href":"https:\/\/cscestran.fr\/index.php?rest_route=\/wp\/v2\/posts\/8859","targetHints":{"allow":["GET"]}}],"collection":[{"href":"https:\/\/cscestran.fr\/index.php?rest_route=\/wp\/v2\/posts"}],"about":[{"href":"https:\/\/cscestran.fr\/index.php?rest_route=\/wp\/v2\/types\/post"}],"author":[{"embeddable":true,"href":"https:\/\/cscestran.fr\/index.php?rest_route=\/wp\/v2\/users\/1"}],"replies":[{"embeddable":true,"href":"https:\/\/cscestran.fr\/index.php?rest_route=%2Fwp%2Fv2%2Fcomments&post=8859"}],"version-history":[{"count":1,"href":"https:\/\/cscestran.fr\/index.php?rest_route=\/wp\/v2\/posts\/8859\/revisions"}],"predecessor-version":[{"id":8861,"href":"https:\/\/cscestran.fr\/index.php?rest_route=\/wp\/v2\/posts\/8859\/revisions\/8861"}],"wp:featuredmedia":[{"embeddable":true,"href":"https:\/\/cscestran.fr\/index.php?rest_route=\/wp\/v2\/media\/8860"}],"wp:attachment":[{"href":"https:\/\/cscestran.fr\/index.php?rest_route=%2Fwp%2Fv2%2Fmedia&parent=8859"}],"wp:term":[{"taxonomy":"category","embeddable":true,"href":"https:\/\/cscestran.fr\/index.php?rest_route=%2Fwp%2Fv2%2Fcategories&post=8859"},{"taxonomy":"post_tag","embeddable":true,"href":"https:\/\/cscestran.fr\/index.php?rest_route=%2Fwp%2Fv2%2Ftags&post=8859"}],"curies":[{"name":"wp","href":"https:\/\/api.w.org\/{rel}","templated":true}]}}