{"id":8895,"date":"2025-01-21T08:38:06","date_gmt":"2025-01-21T08:38:06","guid":{"rendered":"https:\/\/cscestran.fr\/?p=8895"},"modified":"2025-01-21T08:38:11","modified_gmt":"2025-01-21T08:38:11","slug":"la-%f0%9d%93%bc%f0%9d%93%aa%f0%9d%93%b2%f0%9d%93%bc%f0%9d%93%b8%f0%9d%93%b7-%f0%9d%93%ac%f0%9d%93%aa%f0%9d%93%bb%f0%9d%93%b7%f0%9d%93%aa%f0%9d%93%bf%f0%9d%93%aa%f0%9d%93%b5%f0%9d%93%ae%f0%9d%93%bc","status":"publish","type":"post","link":"https:\/\/cscestran.fr\/?p=8895","title":{"rendered":"La \ud835\udcfc\ud835\udcea\ud835\udcf2\ud835\udcfc\ud835\udcf8\ud835\udcf7 \ud835\udcec\ud835\udcea\ud835\udcfb\ud835\udcf7\ud835\udcea\ud835\udcff\ud835\udcea\ud835\udcf5\ud835\udcee\ud835\udcfc\ud835\udcfa\ud835\udcfe\ud835\udcee 2025 arrive \u00e0 grand pas!!!"},"content":{"rendered":"\n<p><a><\/a>Le \ud835\udcd2\ud835\udcee\ud835\udcf7\ud835\udcfd\ud835\udcfb\ud835\udcee \ud835\udce2\ud835\udcf8\ud835\udcec\ud835\udcf2\ud835\udcf8\ud835\udcec\ud835\udcfe\ud835\udcf5\ud835\udcfd\ud835\udcfe\ud835\udcfb\ud835\udcee\ud835\udcf5 \ud835\udcf5&rsquo;\ud835\udcd4\ud835\udcfc\ud835\udcfd\ud835\udcfb\ud835\udcea\ud835\udcf7 est heureux de vous pr\u00e9senter son bal enfantin<img loading=\"lazy\" decoding=\"async\" height=\"16\" width=\"16\" alt=\"\ud83c\udf89\" src=\"https:\/\/static.xx.fbcdn.net\/images\/emoji.php\/v9\/t8c\/1\/16\/1f389.png\"><img loading=\"lazy\" decoding=\"async\" height=\"16\" width=\"16\" alt=\"\ud83c\udf8a\" src=\"https:\/\/static.xx.fbcdn.net\/images\/emoji.php\/v9\/tb4\/1\/16\/1f38a.png\"><img loading=\"lazy\" decoding=\"async\" height=\"16\" width=\"16\" alt=\"\ud83c\udf89\" src=\"https:\/\/static.xx.fbcdn.net\/images\/emoji.php\/v9\/t8c\/1\/16\/1f389.png\"><img loading=\"lazy\" decoding=\"async\" height=\"16\" width=\"16\" alt=\"\ud83c\udf8a\" src=\"https:\/\/static.xx.fbcdn.net\/images\/emoji.php\/v9\/tb4\/1\/16\/1f38a.png\"><\/p>\n\n\n\n<p><img loading=\"lazy\" decoding=\"async\" height=\"16\" width=\"16\" alt=\"\ud83d\udcc5\" src=\"https:\/\/static.xx.fbcdn.net\/images\/emoji.php\/v9\/t7e\/1\/16\/1f4c5.png\">\u00e0 vos \ud835\udcea\ud835\udcf0\ud835\udcee\ud835\udcf7\ud835\udced\ud835\udcea\ud835\udcfc !!!<\/p>\n\n\n\n<figure class=\"wp-block-image size-full\"><img loading=\"lazy\" decoding=\"async\" width=\"509\" height=\"720\" src=\"https:\/\/cscestran.fr\/wp-content\/uploads\/2025\/01\/473344544_949660470685955_467294951127473212_n.jpg\" alt=\"\" class=\"wp-image-8896\" srcset=\"https:\/\/cscestran.fr\/wp-content\/uploads\/2025\/01\/473344544_949660470685955_467294951127473212_n.jpg 509w, https:\/\/cscestran.fr\/wp-content\/uploads\/2025\/01\/473344544_949660470685955_467294951127473212_n-212x300.jpg 212w\" sizes=\"auto, (max-width: 509px) 100vw, 509px\" \/><\/figure>\n\n\n\n<p><\/p>\n","protected":false},"excerpt":{"rendered":"<p>Le \ud835\udcd2\ud835\udcee\ud835\udcf7\ud835\udcfd\ud835\udcfb\ud835\udcee \ud835\udce2\ud835\udcf8\ud835\udcec\ud835\udcf2\ud835\udcf8\ud835\udcec\ud835\udcfe\ud835\udcf5\ud835\udcfd\ud835\udcfe\ud835\udcfb\ud835\udcee\ud835\udcf5 \ud835\udcf5&rsquo;\ud835\udcd4\ud835\udcfc\ud835\udcfd\ud835\udcfb\ud835\udcea\ud835\udcf7 est heureux de vous pr\u00e9senter son bal enfantin \u00e0 vos \ud835\udcea\ud835\udcf0\ud835\udcee\ud835\udcf7\ud835\udced\ud835\udcea\ud835\udcfc !!!<\/p>\n","protected":false},"author":1,"featured_media":8896,"comment_status":"open","ping_status":"open","sticky":false,"template":"","format":"standard","meta":{"_jetpack_memberships_contains_paid_content":false,"footnotes":"","jetpack_publicize_message":"","jetpack_publicize_feature_enabled":true,"jetpack_social_post_already_shared":true,"jetpack_social_options":{"image_generator_settings":{"template":"highway","default_image_id":0,"font":"","enabled":false},"version":2}},"categories":[1],"tags":[],"class_list":["post-8895","post","type-post","status-publish","format-standard","has-post-thumbnail","hentry","category-uncategorized"],"yoast_head":"<!-- This site is optimized with the Yoast SEO plugin v24.9 - https:\/\/yoast.com\/wordpress\/plugins\/seo\/ -->\n<title>La \ud835\udcfc\ud835\udcea\ud835\udcf2\ud835\udcfc\ud835\udcf8\ud835\udcf7 \ud835\udcec\ud835\udcea\ud835\udcfb\ud835\udcf7\ud835\udcea\ud835\udcff\ud835\udcea\ud835\udcf5\ud835\udcee\ud835\udcfc\ud835\udcfa\ud835\udcfe\ud835\udcee 2025 arrive \u00e0 grand pas!!! - Centre Socio-Culturel Coeur de Ville<\/title>\n<meta name=\"robots\" content=\"index, follow, max-snippet:-1, max-image-preview:large, max-video-preview:-1\" \/>\n<link rel=\"canonical\" href=\"https:\/\/cscestran.fr\/?p=8895\" \/>\n<meta property=\"og:locale\" content=\"fr_FR\" \/>\n<meta property=\"og:type\" content=\"article\" \/>\n<meta property=\"og:title\" content=\"La \ud835\udcfc\ud835\udcea\ud835\udcf2\ud835\udcfc\ud835\udcf8\ud835\udcf7 \ud835\udcec\ud835\udcea\ud835\udcfb\ud835\udcf7\ud835\udcea\ud835\udcff\ud835\udcea\ud835\udcf5\ud835\udcee\ud835\udcfc\ud835\udcfa\ud835\udcfe\ud835\udcee 2025 arrive \u00e0 grand pas!!! - Centre Socio-Culturel Coeur de Ville\" \/>\n<meta property=\"og:description\" content=\"Le \ud835\udcd2\ud835\udcee\ud835\udcf7\ud835\udcfd\ud835\udcfb\ud835\udcee \ud835\udce2\ud835\udcf8\ud835\udcec\ud835\udcf2\ud835\udcf8\ud835\udcec\ud835\udcfe\ud835\udcf5\ud835\udcfd\ud835\udcfe\ud835\udcfb\ud835\udcee\ud835\udcf5 \ud835\udcf5&rsquo;\ud835\udcd4\ud835\udcfc\ud835\udcfd\ud835\udcfb\ud835\udcea\ud835\udcf7 est heureux de vous pr\u00e9senter son bal enfantin \u00e0 vos \ud835\udcea\ud835\udcf0\ud835\udcee\ud835\udcf7\ud835\udced\ud835\udcea\ud835\udcfc !!!\" \/>\n<meta property=\"og:url\" content=\"https:\/\/cscestran.fr\/?p=8895\" \/>\n<meta property=\"og:site_name\" content=\"Centre Socio-Culturel Coeur de Ville\" \/>\n<meta property=\"article:published_time\" content=\"2025-01-21T08:38:06+00:00\" \/>\n<meta property=\"article:modified_time\" content=\"2025-01-21T08:38:11+00:00\" \/>\n<meta property=\"og:image\" content=\"https:\/\/cscestran.fr\/wp-content\/uploads\/2025\/01\/473344544_949660470685955_467294951127473212_n.jpg\" \/>\n\t<meta property=\"og:image:width\" content=\"509\" \/>\n\t<meta property=\"og:image:height\" content=\"720\" \/>\n\t<meta property=\"og:image:type\" content=\"image\/jpeg\" \/>\n<meta name=\"author\" content=\"admin\" \/>\n<meta name=\"twitter:card\" content=\"summary_large_image\" \/>\n<meta name=\"twitter:label1\" content=\"\u00c9crit par\" \/>\n\t<meta name=\"twitter:data1\" content=\"admin\" \/>\n\t<meta name=\"twitter:label2\" content=\"Dur\u00e9e de lecture estim\u00e9e\" \/>\n\t<meta name=\"twitter:data2\" content=\"2 minutes\" \/>\n<script type=\"application\/ld+json\" class=\"yoast-schema-graph\">{\"@context\":\"https:\/\/schema.org\",\"@graph\":[{\"@type\":\"Article\",\"@id\":\"https:\/\/cscestran.fr\/?p=8895#article\",\"isPartOf\":{\"@id\":\"https:\/\/cscestran.fr\/?p=8895\"},\"author\":{\"name\":\"admin\",\"@id\":\"https:\/\/cscestran.fr\/#\/schema\/person\/ffe9679d455144a2a947b0cacb08b52a\"},\"headline\":\"La \ud835\udcfc\ud835\udcea\ud835\udcf2\ud835\udcfc\ud835\udcf8\ud835\udcf7 \ud835\udcec\ud835\udcea\ud835\udcfb\ud835\udcf7\ud835\udcea\ud835\udcff\ud835\udcea\ud835\udcf5\ud835\udcee\ud835\udcfc\ud835\udcfa\ud835\udcfe\ud835\udcee 2025 arrive \u00e0 grand pas!!!\",\"datePublished\":\"2025-01-21T08:38:06+00:00\",\"dateModified\":\"2025-01-21T08:38:11+00:00\",\"mainEntityOfPage\":{\"@id\":\"https:\/\/cscestran.fr\/?p=8895\"},\"wordCount\":16,\"commentCount\":0,\"publisher\":{\"@id\":\"https:\/\/cscestran.fr\/#organization\"},\"image\":{\"@id\":\"https:\/\/cscestran.fr\/?p=8895#primaryimage\"},\"thumbnailUrl\":\"https:\/\/cscestran.fr\/wp-content\/uploads\/2025\/01\/473344544_949660470685955_467294951127473212_n.jpg\",\"articleSection\":[\"Uncategorized\"],\"inLanguage\":\"fr-FR\",\"potentialAction\":[{\"@type\":\"CommentAction\",\"name\":\"Comment\",\"target\":[\"https:\/\/cscestran.fr\/?p=8895#respond\"]}]},{\"@type\":\"WebPage\",\"@id\":\"https:\/\/cscestran.fr\/?p=8895\",\"url\":\"https:\/\/cscestran.fr\/?p=8895\",\"name\":\"La \ud835\udcfc\ud835\udcea\ud835\udcf2\ud835\udcfc\ud835\udcf8\ud835\udcf7 \ud835\udcec\ud835\udcea\ud835\udcfb\ud835\udcf7\ud835\udcea\ud835\udcff\ud835\udcea\ud835\udcf5\ud835\udcee\ud835\udcfc\ud835\udcfa\ud835\udcfe\ud835\udcee 2025 arrive \u00e0 grand pas!!! - Centre Socio-Culturel Coeur de Ville\",\"isPartOf\":{\"@id\":\"https:\/\/cscestran.fr\/#website\"},\"primaryImageOfPage\":{\"@id\":\"https:\/\/cscestran.fr\/?p=8895#primaryimage\"},\"image\":{\"@id\":\"https:\/\/cscestran.fr\/?p=8895#primaryimage\"},\"thumbnailUrl\":\"https:\/\/cscestran.fr\/wp-content\/uploads\/2025\/01\/473344544_949660470685955_467294951127473212_n.jpg\",\"datePublished\":\"2025-01-21T08:38:06+00:00\",\"dateModified\":\"2025-01-21T08:38:11+00:00\",\"breadcrumb\":{\"@id\":\"https:\/\/cscestran.fr\/?p=8895#breadcrumb\"},\"inLanguage\":\"fr-FR\",\"potentialAction\":[{\"@type\":\"ReadAction\",\"target\":[\"https:\/\/cscestran.fr\/?p=8895\"]}]},{\"@type\":\"ImageObject\",\"inLanguage\":\"fr-FR\",\"@id\":\"https:\/\/cscestran.fr\/?p=8895#primaryimage\",\"url\":\"https:\/\/cscestran.fr\/wp-content\/uploads\/2025\/01\/473344544_949660470685955_467294951127473212_n.jpg\",\"contentUrl\":\"https:\/\/cscestran.fr\/wp-content\/uploads\/2025\/01\/473344544_949660470685955_467294951127473212_n.jpg\",\"width\":509,\"height\":720},{\"@type\":\"BreadcrumbList\",\"@id\":\"https:\/\/cscestran.fr\/?p=8895#breadcrumb\",\"itemListElement\":[{\"@type\":\"ListItem\",\"position\":1,\"name\":\"Accueil\",\"item\":\"https:\/\/cscestran.fr\/\"},{\"@type\":\"ListItem\",\"position\":2,\"name\":\"La \ud835\udcfc\ud835\udcea\ud835\udcf2\ud835\udcfc\ud835\udcf8\ud835\udcf7 \ud835\udcec\ud835\udcea\ud835\udcfb\ud835\udcf7\ud835\udcea\ud835\udcff\ud835\udcea\ud835\udcf5\ud835\udcee\ud835\udcfc\ud835\udcfa\ud835\udcfe\ud835\udcee 2025 arrive \u00e0 grand pas!!!\"}]},{\"@type\":\"WebSite\",\"@id\":\"https:\/\/cscestran.fr\/#website\",\"url\":\"https:\/\/cscestran.fr\/\",\"name\":\"Centre Socio-Culturel Coeur de Ville\",\"description\":\"\",\"publisher\":{\"@id\":\"https:\/\/cscestran.fr\/#organization\"},\"potentialAction\":[{\"@type\":\"SearchAction\",\"target\":{\"@type\":\"EntryPoint\",\"urlTemplate\":\"https:\/\/cscestran.fr\/?s={search_term_string}\"},\"query-input\":{\"@type\":\"PropertyValueSpecification\",\"valueRequired\":true,\"valueName\":\"search_term_string\"}}],\"inLanguage\":\"fr-FR\"},{\"@type\":\"Organization\",\"@id\":\"https:\/\/cscestran.fr\/#organization\",\"name\":\"Centre Socio-Culturel Coeur de Ville\",\"url\":\"https:\/\/cscestran.fr\/\",\"logo\":{\"@type\":\"ImageObject\",\"inLanguage\":\"fr-FR\",\"@id\":\"https:\/\/cscestran.fr\/#\/schema\/logo\/image\/\",\"url\":\"https:\/\/cscestran.fr\/wp-content\/uploads\/2024\/07\/cropped-logo.png\",\"contentUrl\":\"https:\/\/cscestran.fr\/wp-content\/uploads\/2024\/07\/cropped-logo.png\",\"width\":167,\"height\":167,\"caption\":\"Centre Socio-Culturel Coeur de Ville\"},\"image\":{\"@id\":\"https:\/\/cscestran.fr\/#\/schema\/logo\/image\/\"}},{\"@type\":\"Person\",\"@id\":\"https:\/\/cscestran.fr\/#\/schema\/person\/ffe9679d455144a2a947b0cacb08b52a\",\"name\":\"admin\",\"image\":{\"@type\":\"ImageObject\",\"inLanguage\":\"fr-FR\",\"@id\":\"https:\/\/cscestran.fr\/#\/schema\/person\/image\/\",\"url\":\"https:\/\/secure.gravatar.com\/avatar\/259e9308f79c7fb2cbcafae2c3b6b219f2563d7edf5313eadfd4f525281ed951?s=96&d=mm&r=g\",\"contentUrl\":\"https:\/\/secure.gravatar.com\/avatar\/259e9308f79c7fb2cbcafae2c3b6b219f2563d7edf5313eadfd4f525281ed951?s=96&d=mm&r=g\",\"caption\":\"admin\"},\"sameAs\":[\"https:\/\/cscestran.fr\"],\"url\":\"https:\/\/cscestran.fr\/?author=1\"}]}<\/script>\n<!-- \/ Yoast SEO plugin. -->","yoast_head_json":{"title":"La \ud835\udcfc\ud835\udcea\ud835\udcf2\ud835\udcfc\ud835\udcf8\ud835\udcf7 \ud835\udcec\ud835\udcea\ud835\udcfb\ud835\udcf7\ud835\udcea\ud835\udcff\ud835\udcea\ud835\udcf5\ud835\udcee\ud835\udcfc\ud835\udcfa\ud835\udcfe\ud835\udcee 2025 arrive \u00e0 grand pas!!! - Centre Socio-Culturel Coeur de Ville","robots":{"index":"index","follow":"follow","max-snippet":"max-snippet:-1","max-image-preview":"max-image-preview:large","max-video-preview":"max-video-preview:-1"},"canonical":"https:\/\/cscestran.fr\/?p=8895","og_locale":"fr_FR","og_type":"article","og_title":"La \ud835\udcfc\ud835\udcea\ud835\udcf2\ud835\udcfc\ud835\udcf8\ud835\udcf7 \ud835\udcec\ud835\udcea\ud835\udcfb\ud835\udcf7\ud835\udcea\ud835\udcff\ud835\udcea\ud835\udcf5\ud835\udcee\ud835\udcfc\ud835\udcfa\ud835\udcfe\ud835\udcee 2025 arrive \u00e0 grand pas!!! - Centre Socio-Culturel Coeur de Ville","og_description":"Le \ud835\udcd2\ud835\udcee\ud835\udcf7\ud835\udcfd\ud835\udcfb\ud835\udcee \ud835\udce2\ud835\udcf8\ud835\udcec\ud835\udcf2\ud835\udcf8\ud835\udcec\ud835\udcfe\ud835\udcf5\ud835\udcfd\ud835\udcfe\ud835\udcfb\ud835\udcee\ud835\udcf5 \ud835\udcf5&rsquo;\ud835\udcd4\ud835\udcfc\ud835\udcfd\ud835\udcfb\ud835\udcea\ud835\udcf7 est heureux de vous pr\u00e9senter son bal enfantin \u00e0 vos \ud835\udcea\ud835\udcf0\ud835\udcee\ud835\udcf7\ud835\udced\ud835\udcea\ud835\udcfc !!!","og_url":"https:\/\/cscestran.fr\/?p=8895","og_site_name":"Centre Socio-Culturel Coeur de Ville","article_published_time":"2025-01-21T08:38:06+00:00","article_modified_time":"2025-01-21T08:38:11+00:00","og_image":[{"width":509,"height":720,"url":"https:\/\/cscestran.fr\/wp-content\/uploads\/2025\/01\/473344544_949660470685955_467294951127473212_n.jpg","type":"image\/jpeg"}],"author":"admin","twitter_card":"summary_large_image","twitter_misc":{"\u00c9crit par":"admin","Dur\u00e9e de lecture estim\u00e9e":"2 minutes"},"schema":{"@context":"https:\/\/schema.org","@graph":[{"@type":"Article","@id":"https:\/\/cscestran.fr\/?p=8895#article","isPartOf":{"@id":"https:\/\/cscestran.fr\/?p=8895"},"author":{"name":"admin","@id":"https:\/\/cscestran.fr\/#\/schema\/person\/ffe9679d455144a2a947b0cacb08b52a"},"headline":"La \ud835\udcfc\ud835\udcea\ud835\udcf2\ud835\udcfc\ud835\udcf8\ud835\udcf7 \ud835\udcec\ud835\udcea\ud835\udcfb\ud835\udcf7\ud835\udcea\ud835\udcff\ud835\udcea\ud835\udcf5\ud835\udcee\ud835\udcfc\ud835\udcfa\ud835\udcfe\ud835\udcee 2025 arrive \u00e0 grand pas!!!","datePublished":"2025-01-21T08:38:06+00:00","dateModified":"2025-01-21T08:38:11+00:00","mainEntityOfPage":{"@id":"https:\/\/cscestran.fr\/?p=8895"},"wordCount":16,"commentCount":0,"publisher":{"@id":"https:\/\/cscestran.fr\/#organization"},"image":{"@id":"https:\/\/cscestran.fr\/?p=8895#primaryimage"},"thumbnailUrl":"https:\/\/cscestran.fr\/wp-content\/uploads\/2025\/01\/473344544_949660470685955_467294951127473212_n.jpg","articleSection":["Uncategorized"],"inLanguage":"fr-FR","potentialAction":[{"@type":"CommentAction","name":"Comment","target":["https:\/\/cscestran.fr\/?p=8895#respond"]}]},{"@type":"WebPage","@id":"https:\/\/cscestran.fr\/?p=8895","url":"https:\/\/cscestran.fr\/?p=8895","name":"La \ud835\udcfc\ud835\udcea\ud835\udcf2\ud835\udcfc\ud835\udcf8\ud835\udcf7 \ud835\udcec\ud835\udcea\ud835\udcfb\ud835\udcf7\ud835\udcea\ud835\udcff\ud835\udcea\ud835\udcf5\ud835\udcee\ud835\udcfc\ud835\udcfa\ud835\udcfe\ud835\udcee 2025 arrive \u00e0 grand pas!!! - Centre Socio-Culturel Coeur de Ville","isPartOf":{"@id":"https:\/\/cscestran.fr\/#website"},"primaryImageOfPage":{"@id":"https:\/\/cscestran.fr\/?p=8895#primaryimage"},"image":{"@id":"https:\/\/cscestran.fr\/?p=8895#primaryimage"},"thumbnailUrl":"https:\/\/cscestran.fr\/wp-content\/uploads\/2025\/01\/473344544_949660470685955_467294951127473212_n.jpg","datePublished":"2025-01-21T08:38:06+00:00","dateModified":"2025-01-21T08:38:11+00:00","breadcrumb":{"@id":"https:\/\/cscestran.fr\/?p=8895#breadcrumb"},"inLanguage":"fr-FR","potentialAction":[{"@type":"ReadAction","target":["https:\/\/cscestran.fr\/?p=8895"]}]},{"@type":"ImageObject","inLanguage":"fr-FR","@id":"https:\/\/cscestran.fr\/?p=8895#primaryimage","url":"https:\/\/cscestran.fr\/wp-content\/uploads\/2025\/01\/473344544_949660470685955_467294951127473212_n.jpg","contentUrl":"https:\/\/cscestran.fr\/wp-content\/uploads\/2025\/01\/473344544_949660470685955_467294951127473212_n.jpg","width":509,"height":720},{"@type":"BreadcrumbList","@id":"https:\/\/cscestran.fr\/?p=8895#breadcrumb","itemListElement":[{"@type":"ListItem","position":1,"name":"Accueil","item":"https:\/\/cscestran.fr\/"},{"@type":"ListItem","position":2,"name":"La \ud835\udcfc\ud835\udcea\ud835\udcf2\ud835\udcfc\ud835\udcf8\ud835\udcf7 \ud835\udcec\ud835\udcea\ud835\udcfb\ud835\udcf7\ud835\udcea\ud835\udcff\ud835\udcea\ud835\udcf5\ud835\udcee\ud835\udcfc\ud835\udcfa\ud835\udcfe\ud835\udcee 2025 arrive \u00e0 grand pas!!!"}]},{"@type":"WebSite","@id":"https:\/\/cscestran.fr\/#website","url":"https:\/\/cscestran.fr\/","name":"Centre Socio-Culturel Coeur de Ville","description":"","publisher":{"@id":"https:\/\/cscestran.fr\/#organization"},"potentialAction":[{"@type":"SearchAction","target":{"@type":"EntryPoint","urlTemplate":"https:\/\/cscestran.fr\/?s={search_term_string}"},"query-input":{"@type":"PropertyValueSpecification","valueRequired":true,"valueName":"search_term_string"}}],"inLanguage":"fr-FR"},{"@type":"Organization","@id":"https:\/\/cscestran.fr\/#organization","name":"Centre Socio-Culturel Coeur de Ville","url":"https:\/\/cscestran.fr\/","logo":{"@type":"ImageObject","inLanguage":"fr-FR","@id":"https:\/\/cscestran.fr\/#\/schema\/logo\/image\/","url":"https:\/\/cscestran.fr\/wp-content\/uploads\/2024\/07\/cropped-logo.png","contentUrl":"https:\/\/cscestran.fr\/wp-content\/uploads\/2024\/07\/cropped-logo.png","width":167,"height":167,"caption":"Centre Socio-Culturel Coeur de Ville"},"image":{"@id":"https:\/\/cscestran.fr\/#\/schema\/logo\/image\/"}},{"@type":"Person","@id":"https:\/\/cscestran.fr\/#\/schema\/person\/ffe9679d455144a2a947b0cacb08b52a","name":"admin","image":{"@type":"ImageObject","inLanguage":"fr-FR","@id":"https:\/\/cscestran.fr\/#\/schema\/person\/image\/","url":"https:\/\/secure.gravatar.com\/avatar\/259e9308f79c7fb2cbcafae2c3b6b219f2563d7edf5313eadfd4f525281ed951?s=96&d=mm&r=g","contentUrl":"https:\/\/secure.gravatar.com\/avatar\/259e9308f79c7fb2cbcafae2c3b6b219f2563d7edf5313eadfd4f525281ed951?s=96&d=mm&r=g","caption":"admin"},"sameAs":["https:\/\/cscestran.fr"],"url":"https:\/\/cscestran.fr\/?author=1"}]}},"jetpack_publicize_connections":[],"jetpack_featured_media_url":"https:\/\/cscestran.fr\/wp-content\/uploads\/2025\/01\/473344544_949660470685955_467294951127473212_n.jpg","jetpack_likes_enabled":true,"jetpack_sharing_enabled":true,"_links":{"self":[{"href":"https:\/\/cscestran.fr\/index.php?rest_route=\/wp\/v2\/posts\/8895","targetHints":{"allow":["GET"]}}],"collection":[{"href":"https:\/\/cscestran.fr\/index.php?rest_route=\/wp\/v2\/posts"}],"about":[{"href":"https:\/\/cscestran.fr\/index.php?rest_route=\/wp\/v2\/types\/post"}],"author":[{"embeddable":true,"href":"https:\/\/cscestran.fr\/index.php?rest_route=\/wp\/v2\/users\/1"}],"replies":[{"embeddable":true,"href":"https:\/\/cscestran.fr\/index.php?rest_route=%2Fwp%2Fv2%2Fcomments&post=8895"}],"version-history":[{"count":1,"href":"https:\/\/cscestran.fr\/index.php?rest_route=\/wp\/v2\/posts\/8895\/revisions"}],"predecessor-version":[{"id":8897,"href":"https:\/\/cscestran.fr\/index.php?rest_route=\/wp\/v2\/posts\/8895\/revisions\/8897"}],"wp:featuredmedia":[{"embeddable":true,"href":"https:\/\/cscestran.fr\/index.php?rest_route=\/wp\/v2\/media\/8896"}],"wp:attachment":[{"href":"https:\/\/cscestran.fr\/index.php?rest_route=%2Fwp%2Fv2%2Fmedia&parent=8895"}],"wp:term":[{"taxonomy":"category","embeddable":true,"href":"https:\/\/cscestran.fr\/index.php?rest_route=%2Fwp%2Fv2%2Fcategories&post=8895"},{"taxonomy":"post_tag","embeddable":true,"href":"https:\/\/cscestran.fr\/index.php?rest_route=%2Fwp%2Fv2%2Ftags&post=8895"}],"curies":[{"name":"wp","href":"https:\/\/api.w.org\/{rel}","templated":true}]}}